{"id":124800,"date":"2026-01-03T20:18:07","date_gmt":"2026-01-03T20:18:07","guid":{"rendered":"https:\/\/www.europesays.com\/se\/124800\/"},"modified":"2026-01-03T20:18:07","modified_gmt":"2026-01-03T20:18:07","slug":"bussolycka-pa-e45-tre-till-sjukhus","status":"publish","type":"post","link":"https:\/\/www.europesays.com\/se\/124800\/","title":{"rendered":"Bussolycka p\u00e5 E45 \u2013 tre till sjukhus"},"content":{"rendered":"<p>Vid 19.30 gled en buss av v\u00e4gen i s\u00f6derg\u00e5ende riktning. Tolv passagerare f\u00e4rdades i fordonet varav tre \u00e4r f\u00f6rda till sjukhus med ambulans.<\/p>\n<p>\u2013 Skadel\u00e4get \u00e4r f\u00f6rh\u00e5llandevis lindrigt, s\u00e4ger Mats Moberg, insatsledare vid r\u00e4ddningstj\u00e4nsten.<\/p>\n<p>Enligt insatsledaren handlar det om en abonnerad buss med skidturister p\u00e5 v\u00e4g fr\u00e5n S\u00e4len till G\u00f6teborg. Personerna ska vara i 20-\u00e5rs\u00e5ldern, enligt polisen. <\/p>\n<p>\u2013 Bussen har \u00e5kt av v\u00e4gen och in i en stolpe. Rutorna p\u00e5 h\u00f6ger sida \u00e4r krossade, s\u00e4ger Matthias Henricsson, vakthavande bef\u00e4l vid polisen. <\/p>\n<p>Inledningsvis uppstod k\u00f6er men vid 21-tiden sl\u00e4pps trafiken p\u00e5 v\u00e4xelvis. <\/p>\n","protected":false},"excerpt":{"rendered":"Vid 19.30 gled en buss av v\u00e4gen i s\u00f6derg\u00e5ende riktning. Tolv passagerare f\u00e4rdades i fordonet varav tre \u00e4r&hellip;\n","protected":false},"author":2,"featured_media":793,"comment_status":"","ping_status":"","sticky":false,"template":"","format":"standard","meta":{"footnotes":""},"categories":[12],"tags":[22,23,26,27,17,21,24,25,28,29,15,16,18,34,31,33,32,30,19,20],"class_list":{"0":"post-124800","1":"post","2":"type-post","3":"status-publish","4":"format-standard","5":"has-post-thumbnail","7":"category-sverige","8":"tag-breaking-news","9":"tag-breakingnews","10":"tag-featured-news","11":"tag-featurednews","12":"tag-headlines","13":"tag-huvudnyheter","14":"tag-latest-news","15":"tag-latestnews","16":"tag-main-news","17":"tag-mainnews","18":"tag-news","19":"tag-nyheter","20":"tag-rubriker","21":"tag-se","22":"tag-svenska","23":"tag-sverige","24":"tag-sweden","25":"tag-swedish","26":"tag-top-stories","27":"tag-topstories"},"share_on_mastodon":{"url":"https:\/\/pubeurope.com\/@se\/115833018921377118","error":""},"_links":{"self":[{"href":"https:\/\/www.europesays.com\/se\/wp-json\/wp\/v2\/posts\/124800","targetHints":{"allow":["GET"]}}],"collection":[{"href":"https:\/\/www.europesays.com\/se\/wp-json\/wp\/v2\/posts"}],"about":[{"href":"https:\/\/www.europesays.com\/se\/wp-json\/wp\/v2\/types\/post"}],"author":[{"embeddable":true,"href":"https:\/\/www.europesays.com\/se\/wp-json\/wp\/v2\/users\/2"}],"replies":[{"embeddable":true,"href":"https:\/\/www.europesays.com\/se\/wp-json\/wp\/v2\/comments?post=124800"}],"version-history":[{"count":0,"href":"https:\/\/www.europesays.com\/se\/wp-json\/wp\/v2\/posts\/124800\/revisions"}],"wp:featuredmedia":[{"embeddable":true,"href":"https:\/\/www.europesays.com\/se\/wp-json\/wp\/v2\/media\/793"}],"wp:attachment":[{"href":"https:\/\/www.europesays.com\/se\/wp-json\/wp\/v2\/media?parent=124800"}],"wp:term":[{"taxonomy":"category","embeddable":true,"href":"https:\/\/www.europesays.com\/se\/wp-json\/wp\/v2\/categories?post=124800"},{"taxonomy":"post_tag","embeddable":true,"href":"https:\/\/www.europesays.com\/se\/wp-json\/wp\/v2\/tags?post=124800"}],"curies":[{"name":"wp","href":"https:\/\/api.w.org\/{rel}","templated":true}]}}