{"id":124814,"date":"2026-01-03T20:54:08","date_gmt":"2026-01-03T20:54:08","guid":{"rendered":"https:\/\/www.europesays.com\/se\/124814\/"},"modified":"2026-01-03T20:54:08","modified_gmt":"2026-01-03T20:54:08","slug":"all-tagtrafik-norr-om-gavle-stalls-in","status":"publish","type":"post","link":"https:\/\/www.europesays.com\/se\/124814\/","title":{"rendered":"All t\u00e5gtrafik norr om G\u00e4vle st\u00e4lls in"},"content":{"rendered":"<p>share-arrowDela<\/p>\n<p>unsaveSpara<\/p>\n<p>expand-left<\/p>\n<p>helsk\u00e4rm<img decoding=\"async\" class=\"image-asset hyperion-css-u06ts1\" data-test-tag=\"image-asset\" src=\"https:\/\/www.europesays.com\/se\/wp-content\/uploads\/2026\/01\/e80baa38-f0d4-4b9c-a046-a0c3b24a6f8a.jpeg\"  alt=\"Stora m\u00e4ngder sn\u00f6 har fallit \u00f6ver V\u00e4sternorrland och G\u00e4vleborg de senaste dygnen och nu \u00e4r t\u00e5gtrafiken inst\u00e4lld. Arkivbild.\"  loading=\"eager\" fetchpriority=\"high\" style=\"aspect-ratio:1900 \/ 1267\"\/>Stora m\u00e4ngder sn\u00f6 har fallit \u00f6ver V\u00e4sternorrland och G\u00e4vleborg de senaste dygnen och nu \u00e4r t\u00e5gtrafiken inst\u00e4lld. Arkivbild. Foto: Mats Andersson\/TT<\/p>\n<p class=\"hyperion-css-1shl3oz\" data-test-tag=\"lead-text\">Det kraftiga sn\u00f6ov\u00e4dret forts\u00e4tter att st\u00e4lla till det f\u00f6r trafiken. SJ har st\u00e4llt in alla sina t\u00e5glinjer norr om G\u00e4vle fram till m\u00e5ndag klockan 10.<\/p>\n<p class=\"hyperion-css-1v9qo5x\">De str\u00e4ckor som ber\u00f6rs \u00e4r Stockholm-Sundsvall-Ume\u00e5-Lule\u00e5-Narvik samt Stockholm-\u00d6stersund-\u00c5re-Duved.<\/p>\n<p class=\"hyperion-css-1v9qo5x\">N\u00e5gon ers\u00e4ttningstrafik kommer heller inte att s\u00e4ttas in d\u00e5 <a data-test-tag=\"internal-link\" href=\"https:\/\/www.aftonbladet.se\/tagg\/trafikverket\" class=\"hyperion-css-15jkft9\" rel=\"nofollow noopener\" target=\"\" aria-label=\"Trafikverket\">Trafikverket<\/a> avr\u00e5der fr\u00e5n all v\u00e4gtrafik i omr\u00e5det.<\/p>\n<p class=\"hyperion-css-1v9qo5x\">\u00c4ven SMHI avr\u00e5der fr\u00e5n ge sig ut p\u00e5 v\u00e4garna i on\u00f6dan. Kraftigt sn\u00f6fall i kombination med bl\u00e5st g\u00f6r att det kan bli st\u00f6kigt i trafiken med drivbildning, halka, d\u00e5lig sikt och sn\u00f6r\u00f6k i framf\u00f6r allt i norra och \u00f6stra Sveland.<\/p>\n<p class=\"hyperion-css-1v9qo5x\">\u00c4ven flyget \u00e4r drabbat av inst\u00e4llda avg\u00e5ngar och kraftiga f\u00f6rseningar.<\/p>\n","protected":false},"excerpt":{"rendered":"share-arrowDela unsaveSpara expand-left helsk\u00e4rmStora m\u00e4ngder sn\u00f6 har fallit \u00f6ver V\u00e4sternorrland och G\u00e4vleborg de senaste dygnen och nu \u00e4r&hellip;\n","protected":false},"author":2,"featured_media":124815,"comment_status":"","ping_status":"","sticky":false,"template":"","format":"standard","meta":{"footnotes":""},"categories":[5],"tags":[22,23,26,27,17,21,24,25,28,29,15,16,18,34,31,33,32,30,19,20],"class_list":{"0":"post-124814","1":"post","2":"type-post","3":"status-publish","4":"format-standard","5":"has-post-thumbnail","7":"category-rubriker","8":"tag-breaking-news","9":"tag-breakingnews","10":"tag-featured-news","11":"tag-featurednews","12":"tag-headlines","13":"tag-huvudnyheter","14":"tag-latest-news","15":"tag-latestnews","16":"tag-main-news","17":"tag-mainnews","18":"tag-news","19":"tag-nyheter","20":"tag-rubriker","21":"tag-se","22":"tag-svenska","23":"tag-sverige","24":"tag-sweden","25":"tag-swedish","26":"tag-top-stories","27":"tag-topstories"},"share_on_mastodon":{"url":"https:\/\/pubeurope.com\/@se\/115833160539944813","error":""},"_links":{"self":[{"href":"https:\/\/www.europesays.com\/se\/wp-json\/wp\/v2\/posts\/124814","targetHints":{"allow":["GET"]}}],"collection":[{"href":"https:\/\/www.europesays.com\/se\/wp-json\/wp\/v2\/posts"}],"about":[{"href":"https:\/\/www.europesays.com\/se\/wp-json\/wp\/v2\/types\/post"}],"author":[{"embeddable":true,"href":"https:\/\/www.europesays.com\/se\/wp-json\/wp\/v2\/users\/2"}],"replies":[{"embeddable":true,"href":"https:\/\/www.europesays.com\/se\/wp-json\/wp\/v2\/comments?post=124814"}],"version-history":[{"count":0,"href":"https:\/\/www.europesays.com\/se\/wp-json\/wp\/v2\/posts\/124814\/revisions"}],"wp:featuredmedia":[{"embeddable":true,"href":"https:\/\/www.europesays.com\/se\/wp-json\/wp\/v2\/media\/124815"}],"wp:attachment":[{"href":"https:\/\/www.europesays.com\/se\/wp-json\/wp\/v2\/media?parent=124814"}],"wp:term":[{"taxonomy":"category","embeddable":true,"href":"https:\/\/www.europesays.com\/se\/wp-json\/wp\/v2\/categories?post=124814"},{"taxonomy":"post_tag","embeddable":true,"href":"https:\/\/www.europesays.com\/se\/wp-json\/wp\/v2\/tags?post=124814"}],"curies":[{"name":"wp","href":"https:\/\/api.w.org\/{rel}","templated":true}]}}