{"id":124816,"date":"2026-01-03T20:56:08","date_gmt":"2026-01-03T20:56:08","guid":{"rendered":"https:\/\/www.europesays.com\/se\/124816\/"},"modified":"2026-01-03T20:56:08","modified_gmt":"2026-01-03T20:56:08","slug":"ebba-anderssons-tarar-i-svt-nar-hon-far-hora-vannens-ord","status":"publish","type":"post","link":"https:\/\/www.europesays.com\/se\/124816\/","title":{"rendered":"Ebba Anderssons t\u00e5rar i SVT \u2013 n\u00e4r hon f\u00e5r h\u00f6ra v\u00e4nnens ord"},"content":{"rendered":"<p>Publicerad 3 jan 2026 kl 21.03Uppdaterad kl 21.15<\/p>\n<p>Ebba Andersson lutar sig tillbaka i sin stol och torkar t\u00e5rarna.\u00a0<\/p>\n<p>Framf\u00f6r SVT:s kamera har hon precis f\u00e5tt h\u00f6ra Emma Riboms ord om henne under VM i Trondheim f\u00f6r f\u00f6rsta g\u00e5ngen.\u00a0<\/p>\n<p>\u2013 Jag hade ingen aning om att hon reagerade s\u00e5 starkt p\u00e5 ett av mina guld, s\u00e4ger Andersson.\u00a0<\/p>\n<p>Stj\u00e4rnans bror dyker upp i P\u00e5 sp\u00e5ret: \u201dChockad\u201d<img loading=\"lazy\"   alt=\"\"\/><\/p>\n<p>Ebba Andersson i t\u00e5rar framf\u00f6r SVT.<\/p>\n<p>Foto: SVT.<\/p>\n<p>\u00d6ppna bild i helsk\u00e4rm<img loading=\"lazy\"   alt=\"\"\/><\/p>\n<p>Ebba Andersson.<\/p>\n<p>\u00d6ppna bild i helsk\u00e4rm<\/p>\n<p>I f\u00f6rsta avsnittet av SVT:s sport\u00e5rskr\u00f6nika handlar en hel del om Sveriges magiska skid-VM i Trondheim.\u00a0<\/p>\n<p>P\u00e5 damsidan tog Sverige samtliga sex guld och en av de st\u00f6rsta hj\u00e4ltarna var <a href=\"https:\/\/www.expressen.se\/tagg\/person\/ebba-andersson\/\" class=\"\" rel=\"nofollow noopener\" target=\"_blank\">Ebba Andersson<\/a>, som tog tv\u00e5 individuella guld samt ett stafettguld. Hon intervjuas av SVT och f\u00e5r d\u00e5 se landslagskamraten Emma Ribom intervjuas efter Anderssons guld p\u00e5 10 kilometer.\u00a0<\/p>\n<p>Ribom ber\u00e4ttar med t\u00e5rar i \u00f6gonen om sin stolthet \u00f6ver guldinsatsen, n\u00e5got som f\u00e5r Anderssons \u00f6gon att t\u00e5ras.\u00a0<\/p>\n<p>\u2013 Men gud, jag b\u00f6rjar typ gr\u00e5ta av att Emma gr\u00e5ter. Jag blir alldeles r\u00f6rd sj\u00e4lv, s\u00e4ger hon.\u00a0<\/p>\n<p>Ebbas ord om t\u00e5rarna i SVT: \u201dHade ingen aning\u201d<\/p>\n<p>N\u00e4r Expressen tr\u00e4ffar Andersson i Toblach inf\u00f6r Tour de ski ber\u00e4ttar hon att det var f\u00f6rsta g\u00e5ngen hon s\u00e5g intervjun med Ribom.\u00a0<\/p>\n<p>\u2013 Det var en \u00f6verraskning d\u00e4r och d\u00e5. Det hade flugit f\u00f6rbi n\u00e4r vi var borta p\u00e5 VM, s\u00e5 jag hade ingen aning om att hon reagerade s\u00e5 starkt p\u00e5 ett av mina guld. Det var d\u00e4rf\u00f6r jag reagerade s\u00e5 starkt p\u00e5 hennes reaktion, s\u00e4ger hon.\u00a0<\/p>\n<p>\u2013 Sen handlar det d\u00e4r om att vi st\u00e5r varandra v\u00e4ldigt n\u00e4ra. S\u00e5 n\u00e4r n\u00e5gon visar vad det betyder f\u00f6r dem, d\u00e5 ber\u00f6r det en.\u00a0<\/p>\n<p>Emma Ribom ber\u00e4ttar att Anderssons insats ber\u00f6rde henne p\u00e5 djupet.\u00a0<\/p>\n<p>\u2013 Ebba betyder mycket f\u00f6r mig. Vi tr\u00e4ffades 2011 p\u00e5 Kalle Anka-cup och har h\u00e4ngt ihop sedan dess. S\u00e5 det \u00e4r klart att n\u00e4r man har f\u00f6ljt varandra och \u00e4r bra kompisar, d\u00e5 gl\u00e4ds man med varandra.\u00a0<\/p>\n<p>Ribom ler.\u00a0<\/p>\n<p>\u2013 Det \u00e4r k\u00e4nslosamt med idrott och det \u00e4r fint s\u00e5 klart.\u00a0<\/p>\n","protected":false},"excerpt":{"rendered":"Publicerad 3 jan 2026 kl 21.03Uppdaterad kl 21.15 Ebba Andersson lutar sig tillbaka i sin stol och torkar&hellip;\n","protected":false},"author":2,"featured_media":124817,"comment_status":"","ping_status":"","sticky":false,"template":"","format":"standard","meta":{"footnotes":""},"categories":[68],"tags":[4140,3483,34,857,111,110,31,33,32,30],"class_list":{"0":"post-124816","1":"post","2":"type-post","3":"status-publish","4":"format-standard","5":"has-post-thumbnail","7":"category-sport","8":"tag-person-ebba-andersson","9":"tag-person-emma-ribom","10":"tag-se","11":"tag-sections-langdskidor","12":"tag-sport","13":"tag-sports","14":"tag-svenska","15":"tag-sverige","16":"tag-sweden","17":"tag-swedish"},"share_on_mastodon":{"url":"https:\/\/pubeurope.com\/@se\/115833168471976520","error":""},"_links":{"self":[{"href":"https:\/\/www.europesays.com\/se\/wp-json\/wp\/v2\/posts\/124816","targetHints":{"allow":["GET"]}}],"collection":[{"href":"https:\/\/www.europesays.com\/se\/wp-json\/wp\/v2\/posts"}],"about":[{"href":"https:\/\/www.europesays.com\/se\/wp-json\/wp\/v2\/types\/post"}],"author":[{"embeddable":true,"href":"https:\/\/www.europesays.com\/se\/wp-json\/wp\/v2\/users\/2"}],"replies":[{"embeddable":true,"href":"https:\/\/www.europesays.com\/se\/wp-json\/wp\/v2\/comments?post=124816"}],"version-history":[{"count":0,"href":"https:\/\/www.europesays.com\/se\/wp-json\/wp\/v2\/posts\/124816\/revisions"}],"wp:featuredmedia":[{"embeddable":true,"href":"https:\/\/www.europesays.com\/se\/wp-json\/wp\/v2\/media\/124817"}],"wp:attachment":[{"href":"https:\/\/www.europesays.com\/se\/wp-json\/wp\/v2\/media?parent=124816"}],"wp:term":[{"taxonomy":"category","embeddable":true,"href":"https:\/\/www.europesays.com\/se\/wp-json\/wp\/v2\/categories?post=124816"},{"taxonomy":"post_tag","embeddable":true,"href":"https:\/\/www.europesays.com\/se\/wp-json\/wp\/v2\/tags?post=124816"}],"curies":[{"name":"wp","href":"https:\/\/api.w.org\/{rel}","templated":true}]}}