{"id":124837,"date":"2026-01-03T21:15:07","date_gmt":"2026-01-03T21:15:07","guid":{"rendered":"https:\/\/www.europesays.com\/se\/124837\/"},"modified":"2026-01-03T21:15:07","modified_gmt":"2026-01-03T21:15:07","slug":"1-400-000-kronor-blev-priset-for-50-talshus-i-osthammar","status":"publish","type":"post","link":"https:\/\/www.europesays.com\/se\/124837\/","title":{"rendered":"1\u00a0400\u00a0000 kronor blev priset f\u00f6r 50-talshus i \u00d6sthammar"},"content":{"rendered":"<p> Huset \u00e4r 98 kvadratmeter stort och byggdes 1952. S\u00e4ljare \u00e4r Jan Pierre Reino Janssons d\u00f6dsbo. Aff\u00e4ren blev klar i oktober 2025 och k\u00f6pesumman blev 1\u00a0400\u00a0000 kronor.Precis i n\u00e4rheten s\u00e5ldes i november f\u00f6rra \u00e5ret ett annat hus, p\u00e5 Grindv\u00e4gen 5. D\u00e4r blev priset f\u00f6r det 75 kvadratmeter stora huset 1\u00a0039\u00a0000 kronor.Se alla lagfarter h\u00e4rDe senaste tolv m\u00e5naderna har det ba<\/p>\n","protected":false},"excerpt":{"rendered":"Huset \u00e4r 98 kvadratmeter stort och byggdes 1952. S\u00e4ljare \u00e4r Jan Pierre Reino Janssons d\u00f6dsbo. Aff\u00e4ren blev klar&hellip;\n","protected":false},"author":2,"featured_media":124838,"comment_status":"","ping_status":"","sticky":false,"template":"","format":"standard","meta":{"footnotes":""},"categories":[65],"tags":[72,70,71,34,31,33,32,30],"class_list":{"0":"post-124837","1":"post","2":"type-post","3":"status-publish","4":"format-standard","5":"has-post-thumbnail","7":"category-ekonomi","8":"tag-business","9":"tag-economy","10":"tag-ekonomi","11":"tag-se","12":"tag-svenska","13":"tag-sverige","14":"tag-sweden","15":"tag-swedish"},"share_on_mastodon":{"url":"https:\/\/pubeurope.com\/@se\/115833243125978330","error":""},"_links":{"self":[{"href":"https:\/\/www.europesays.com\/se\/wp-json\/wp\/v2\/posts\/124837","targetHints":{"allow":["GET"]}}],"collection":[{"href":"https:\/\/www.europesays.com\/se\/wp-json\/wp\/v2\/posts"}],"about":[{"href":"https:\/\/www.europesays.com\/se\/wp-json\/wp\/v2\/types\/post"}],"author":[{"embeddable":true,"href":"https:\/\/www.europesays.com\/se\/wp-json\/wp\/v2\/users\/2"}],"replies":[{"embeddable":true,"href":"https:\/\/www.europesays.com\/se\/wp-json\/wp\/v2\/comments?post=124837"}],"version-history":[{"count":0,"href":"https:\/\/www.europesays.com\/se\/wp-json\/wp\/v2\/posts\/124837\/revisions"}],"wp:featuredmedia":[{"embeddable":true,"href":"https:\/\/www.europesays.com\/se\/wp-json\/wp\/v2\/media\/124838"}],"wp:attachment":[{"href":"https:\/\/www.europesays.com\/se\/wp-json\/wp\/v2\/media?parent=124837"}],"wp:term":[{"taxonomy":"category","embeddable":true,"href":"https:\/\/www.europesays.com\/se\/wp-json\/wp\/v2\/categories?post=124837"},{"taxonomy":"post_tag","embeddable":true,"href":"https:\/\/www.europesays.com\/se\/wp-json\/wp\/v2\/tags?post=124837"}],"curies":[{"name":"wp","href":"https:\/\/api.w.org\/{rel}","templated":true}]}}