{"id":124846,"date":"2026-01-03T21:23:08","date_gmt":"2026-01-03T21:23:08","guid":{"rendered":"https:\/\/www.europesays.com\/se\/124846\/"},"modified":"2026-01-03T21:23:08","modified_gmt":"2026-01-03T21:23:08","slug":"stockholm-europas-nya-huvudstad-for-kapital-enligt-the-economist","status":"publish","type":"post","link":"https:\/\/www.europesays.com\/se\/124846\/","title":{"rendered":"Stockholm Europas nya huvudstad f\u00f6r kapital, enligt The Economist."},"content":{"rendered":"<p>\u201dSverige \u00e4r det enda landet i Europa som har en fungerande kapitalmarknad. D\u00e4r inv\u00e5nare deltar en masse i aktiemarknaden och det finns en fungerande riskkapitalmarknad.\u201d<\/p>\n<p>S\u00e5 l\u00e4t det n\u00e4r <a href=\"https:\/\/www.svd.se\/a\/0pnXdo\" rel=\"nofollow noopener\" target=\"_blank\">finansmannen Christer Gardell intervjuades<\/a> av Birgitta Forsberg i en text som publicerades i SvD strax f\u00f6re ny\u00e5r. Gardell hyllade den dynamiska kapitalmarknaden som lett till m\u00e5nga nynoterade f\u00f6retag, och menade att svenska politiker borde predika den svenska modellen f\u00f6r \u00f6vriga europeiska l\u00e4nder.<\/p>\n","protected":false},"excerpt":{"rendered":"\u201dSverige \u00e4r det enda landet i Europa som har en fungerande kapitalmarknad. D\u00e4r inv\u00e5nare deltar en masse i&hellip;\n","protected":false},"author":2,"featured_media":124847,"comment_status":"","ping_status":"","sticky":false,"template":"","format":"standard","meta":{"footnotes":""},"categories":[65],"tags":[72,70,71,34,31,33,32,30],"class_list":{"0":"post-124846","1":"post","2":"type-post","3":"status-publish","4":"format-standard","5":"has-post-thumbnail","7":"category-ekonomi","8":"tag-business","9":"tag-economy","10":"tag-ekonomi","11":"tag-se","12":"tag-svenska","13":"tag-sverige","14":"tag-sweden","15":"tag-swedish"},"share_on_mastodon":{"url":"https:\/\/pubeurope.com\/@se\/115833274558363926","error":""},"_links":{"self":[{"href":"https:\/\/www.europesays.com\/se\/wp-json\/wp\/v2\/posts\/124846","targetHints":{"allow":["GET"]}}],"collection":[{"href":"https:\/\/www.europesays.com\/se\/wp-json\/wp\/v2\/posts"}],"about":[{"href":"https:\/\/www.europesays.com\/se\/wp-json\/wp\/v2\/types\/post"}],"author":[{"embeddable":true,"href":"https:\/\/www.europesays.com\/se\/wp-json\/wp\/v2\/users\/2"}],"replies":[{"embeddable":true,"href":"https:\/\/www.europesays.com\/se\/wp-json\/wp\/v2\/comments?post=124846"}],"version-history":[{"count":0,"href":"https:\/\/www.europesays.com\/se\/wp-json\/wp\/v2\/posts\/124846\/revisions"}],"wp:featuredmedia":[{"embeddable":true,"href":"https:\/\/www.europesays.com\/se\/wp-json\/wp\/v2\/media\/124847"}],"wp:attachment":[{"href":"https:\/\/www.europesays.com\/se\/wp-json\/wp\/v2\/media?parent=124846"}],"wp:term":[{"taxonomy":"category","embeddable":true,"href":"https:\/\/www.europesays.com\/se\/wp-json\/wp\/v2\/categories?post=124846"},{"taxonomy":"post_tag","embeddable":true,"href":"https:\/\/www.europesays.com\/se\/wp-json\/wp\/v2\/tags?post=124846"}],"curies":[{"name":"wp","href":"https:\/\/api.w.org\/{rel}","templated":true}]}}