{"id":124854,"date":"2026-01-03T21:31:07","date_gmt":"2026-01-03T21:31:07","guid":{"rendered":"https:\/\/www.europesays.com\/se\/124854\/"},"modified":"2026-01-03T21:31:07","modified_gmt":"2026-01-03T21:31:07","slug":"maxa-planboken-2026-sa-mycket-mer-pengar-far-du-nasta-ar-filipstads-tidning","status":"publish","type":"post","link":"https:\/\/www.europesays.com\/se\/124854\/","title":{"rendered":"Maxa pl\u00e5nboken 2026 \u2013 s\u00e5 mycket mer pengar f\u00e5r du n\u00e4sta \u00e5r &#8211; Filipstads Tidning"},"content":{"rendered":"<ol>\n<li><a href=\"https:\/\/news.google.com\/rss\/articles\/CBMiqwFBVV95cUxPZ3c1THNVbXJseE1PWkI0N3lsR1B4UmJqb0czS1VMRjRZZkV5Ml85cmlUXzVkWVFuT3NJZnlFaUxUOWlremdIMldUS2IxemR2cGJtTHdZR1hQLXRfQ3E5LUNsUXhXYXFjaGx3TU0xSVRSX0Nyb1ZUR2hfd0dfSGlZVW1Gd0U1UGFmMnVtazNYaHMwNE5xR05fMDVWeTJJZHJEdWxyLUhtSG5RVDQ?oc=5\" target=\"_blank\" rel=\"nofollow noopener\">Maxa pl\u00e5nboken 2026 \u2013 s\u00e5 mycket mer pengar f\u00e5r du n\u00e4sta \u00e5r<\/a>&nbsp;&nbsp;Filipstads Tidning<\/li>\n<li><a href=\"https:\/\/news.google.com\/rss\/articles\/CBMikAFBVV95cUxPazBBOFZZQlV6R2VSRmZHekx2RmlqRC1idkw4bE9NOUJEcVcyWUQyQXkzSC1Ya0NDRzJXWEtEbjlQOTV2bl82bVh3WkFYRnJqY09ENFI4UlNNQ0MyeUtxMWlYdWxtVEtOZWFEYXlNOFNjM00zR2pCOVJPclYtZVhBSVBOVkh6Njlnbzd4cXozb2Q?oc=5\" target=\"_blank\" rel=\"nofollow noopener\">S\u00e5 blir din ekonomi 2026 \u2212 h\u00e4r \u00e4r vinnarna och f\u00f6rlorarna<\/a>&nbsp;&nbsp;Aftonbladet<\/li>\n<li><a href=\"https:\/\/news.google.com\/rss\/articles\/CBMikgFBVV95cUxQdG51Y1MxeDExd2VKblZJWjNXRDB5Q3hMS09XZGo1b1YxcllPekZvZC1EcWNkZlJQcmhYX0NkNkJCLUhHS2FNLUQ4UTZGYm1aSkRVcVZjT01lNVE3UU1kbndtejZtX3pIYkY3MURHYUU1cnhOWFFSZmQ1eVk2SjE5S0pldk5HZG8yODFZOW5zNFMwZw?oc=5\" target=\"_blank\" rel=\"nofollow noopener\">H\u00e4r \u00e4r de nya lagarna som b\u00f6rjar g\u00e4lla 1 januari 2026<\/a>&nbsp;&nbsp;SVT Nyheter<\/li>\n<li><a href=\"https:\/\/news.google.com\/rss\/articles\/CBMisgFBVV95cUxOcHVYUHNFWEd0UG80OHczNHFvaHJGOEY4QW9uU05iSE0tQ1JMVVJFUGtTbHpNUDg1aWpyUjBqSWVMZWhFS0FVUHM4Y2s2QUFkNW9VaFF4T2s1Z1REZ0tIMUlseHRCajQ4dUZCbDMxa3lfSnNmM1VYQ254SlJ2V0NMQmp5Q0hvWnhQN1FWUW80ampuUkd4N0c1bnlTSGtDVE81WVFXWnJ6Q09BYjdYd1ppMHp3?oc=5\" target=\"_blank\" rel=\"nofollow noopener\">H\u00f6jd pension och s\u00e4nkt skatt f\u00f6r de rikaste \u2013 s\u00e5 mycket mer f\u00e5r du i pl\u00e5nboken 2026<\/a>&nbsp;&nbsp;Arbetet<\/li>\n<li><a href=\"https:\/\/news.google.com\/rss\/articles\/CBMixAFBVV95cUxOMzRzMXNYQUJrTU9OeVRsNWx3azVKdkZkejhHYjJzVmNYaExrQXJQMUIzTTJiUlZkVklTOGpienVKc3FybExtMnM2RUZ1ZVZ3c1l6YXdaMjlXSExnZi1GVENIQl9nYWJubDhPNzhPR2ticGhpWG16clNkT3BHbzVxRjljOTN3UEtDNmE3WDlhbjdyNjk5STU3TXlmVmF0NU5GUDd2bTYwU3E3UWZEMV9kVm9QZ0J5Uk5aYkhCUmc3N014T000?oc=5\" target=\"_blank\" rel=\"nofollow noopener\">Nya lagar och regler 2026 som p\u00e5verkar socialf\u00f6rs\u00e4kringen | F\u00f6rs\u00e4kringskassan<\/a>&nbsp;&nbsp;Via TT<\/li>\n<\/ol>\n","protected":false},"excerpt":{"rendered":"Maxa pl\u00e5nboken 2026 \u2013 s\u00e5 mycket mer pengar f\u00e5r du n\u00e4sta \u00e5r&nbsp;&nbsp;Filipstads Tidning S\u00e5 blir din ekonomi 2026&hellip;\n","protected":false},"author":2,"featured_media":124855,"comment_status":"","ping_status":"","sticky":false,"template":"","format":"standard","meta":{"footnotes":""},"categories":[65],"tags":[72,70,71,34,31,33,32,30],"class_list":{"0":"post-124854","1":"post","2":"type-post","3":"status-publish","4":"format-standard","5":"has-post-thumbnail","7":"category-ekonomi","8":"tag-business","9":"tag-economy","10":"tag-ekonomi","11":"tag-se","12":"tag-svenska","13":"tag-sverige","14":"tag-sweden","15":"tag-swedish"},"share_on_mastodon":{"url":"https:\/\/pubeurope.com\/@se\/115833306027903700","error":""},"_links":{"self":[{"href":"https:\/\/www.europesays.com\/se\/wp-json\/wp\/v2\/posts\/124854","targetHints":{"allow":["GET"]}}],"collection":[{"href":"https:\/\/www.europesays.com\/se\/wp-json\/wp\/v2\/posts"}],"about":[{"href":"https:\/\/www.europesays.com\/se\/wp-json\/wp\/v2\/types\/post"}],"author":[{"embeddable":true,"href":"https:\/\/www.europesays.com\/se\/wp-json\/wp\/v2\/users\/2"}],"replies":[{"embeddable":true,"href":"https:\/\/www.europesays.com\/se\/wp-json\/wp\/v2\/comments?post=124854"}],"version-history":[{"count":0,"href":"https:\/\/www.europesays.com\/se\/wp-json\/wp\/v2\/posts\/124854\/revisions"}],"wp:featuredmedia":[{"embeddable":true,"href":"https:\/\/www.europesays.com\/se\/wp-json\/wp\/v2\/media\/124855"}],"wp:attachment":[{"href":"https:\/\/www.europesays.com\/se\/wp-json\/wp\/v2\/media?parent=124854"}],"wp:term":[{"taxonomy":"category","embeddable":true,"href":"https:\/\/www.europesays.com\/se\/wp-json\/wp\/v2\/categories?post=124854"},{"taxonomy":"post_tag","embeddable":true,"href":"https:\/\/www.europesays.com\/se\/wp-json\/wp\/v2\/tags?post=124854"}],"curies":[{"name":"wp","href":"https:\/\/api.w.org\/{rel}","templated":true}]}}