{"id":124860,"date":"2026-01-03T21:39:08","date_gmt":"2026-01-03T21:39:08","guid":{"rendered":"https:\/\/www.europesays.com\/se\/124860\/"},"modified":"2026-01-03T21:39:08","modified_gmt":"2026-01-03T21:39:08","slug":"kylslagen-pulkatavling-pa-froson-ostersunds-posten-2","status":"publish","type":"post","link":"https:\/\/www.europesays.com\/se\/124860\/","title":{"rendered":"Kylslagen pulkat\u00e4vling p\u00e5 Fr\u00f6s\u00f6n \u2013 \u00d6stersunds-Posten"},"content":{"rendered":"<p>Vad passar v\u00e4l b\u00e4ttre \u00e4n att b\u00f6rja det nya \u00e5ret med en rafflande pulkat\u00e4vling?<\/p>\n<p>I K\u00e4rringbacken p\u00e5 Fr\u00f6s\u00f6n samlades ung som gammal f\u00f6r att f\u00f6rs\u00f6ka sl\u00e5 sina egna banrekord.<\/p>\n<p>\u2013 Lite f\u00f6r l\u00e5ngsamt, konstaterade Isabelle Fr\u00f6jd efter f\u00f6rsta \u00e5ket.<\/p>\n<p><img loading=\"lazy\" decoding=\"async\" width=\"980\" height=\"551\" class=\"article-image article-image--featured\" alt=\"Hedda H\u00e4ggstr\u00f6m, Alise Adsten, Annaelle Flykt och Ella Dahlqvist g\u00e5r andra \u00e5ret p\u00e5 Wargens ekonomiprogram och ordnade pulkat\u00e4vling i K\u00e4rringbacken p\u00e5 Fr\u00f6s\u00f6n.\" src=\"https:\/\/www.europesays.com\/se\/wp-content\/uploads\/2026\/01\/1767476348_890_5a902311-1d9f-4371-87bb-af21c1c2dc4b.jpeg\"  \/><a class=\"article__lightbox-link\" href=\"https:\/\/static.bonniernews.se\/ba\/5a902311-1d9f-4371-87bb-af21c1c2dc4b.jpeg?crop=2500%2C1406%2Cx0%2Cy1&amp;width=1400&amp;format=pjpg&amp;auto=avif\" data-pswp-width=\"1400\" data-pswp-height=\"788\" data-pswp-caption=\"Hedda H\u00e4ggstr\u00f6m, Alise Adsten, Annaelle Flykt och Ella Dahlqvist g\u00e5r andra \u00e5ret p\u00e5 Wargens ekonomiprogram och ordnade pulkat\u00e4vling i K\u00e4rringbacken p\u00e5 Fr\u00f6s\u00f6n. Bild: Denny Calvo\" data-pswp- rel=\"nofollow noopener\" target=\"_blank\">\u00d6ppna bild i helsk\u00e4rmsl\u00e4ge<\/a><\/p>\n<p class=\"txt-style-muted\" aria-hidden=\"true\">Hedda H\u00e4ggstr\u00f6m, Alise Adsten, Annaelle Flykt och Ella Dahlqvist g\u00e5r andra \u00e5ret p\u00e5 Wargens ekonomiprogram och ordnade pulkat\u00e4vling i K\u00e4rringbacken p\u00e5 Fr\u00f6s\u00f6n.<\/p>\n<p class=\"article__figcaption-attribution txt-style-muted\">Bild: Denny Calvo<\/p>\n<p>Pulka\u00e5kare \u00e4r ett t\u00e5ligt sl\u00e4kte som inte r\u00e4ds lite kyla. I K\u00e4rringbacken var det full aktivitet under l\u00f6rdagen n\u00e4r det vankades t\u00e4vling.<\/p>\n<p>Tekniskt fel<\/p>\n<p class=\"message__text txt-ui txt-ui-2\">V\u00e4nligen f\u00f6rs\u00f6k igen senare.<\/p>\n<p>Den h\u00e4r artikeln \u00e4r bara f\u00f6r prenumeranter<\/p>\n<p class=\"txt-body txt-body-1\">Om du redan \u00e4r prenumerant: logga in!<\/p>\n","protected":false},"excerpt":{"rendered":"Vad passar v\u00e4l b\u00e4ttre \u00e4n att b\u00f6rja det nya \u00e5ret med en rafflande pulkat\u00e4vling? I K\u00e4rringbacken p\u00e5 Fr\u00f6s\u00f6n&hellip;\n","protected":false},"author":2,"featured_media":124596,"comment_status":"","ping_status":"","sticky":false,"template":"","format":"standard","meta":{"footnotes":""},"categories":[65],"tags":[72,70,71,34,31,33,32,30],"class_list":{"0":"post-124860","1":"post","2":"type-post","3":"status-publish","4":"format-standard","5":"has-post-thumbnail","7":"category-ekonomi","8":"tag-business","9":"tag-economy","10":"tag-ekonomi","11":"tag-se","12":"tag-svenska","13":"tag-sverige","14":"tag-sweden","15":"tag-swedish"},"share_on_mastodon":{"url":"https:\/\/pubeurope.com\/@se\/115833337456719982","error":""},"_links":{"self":[{"href":"https:\/\/www.europesays.com\/se\/wp-json\/wp\/v2\/posts\/124860","targetHints":{"allow":["GET"]}}],"collection":[{"href":"https:\/\/www.europesays.com\/se\/wp-json\/wp\/v2\/posts"}],"about":[{"href":"https:\/\/www.europesays.com\/se\/wp-json\/wp\/v2\/types\/post"}],"author":[{"embeddable":true,"href":"https:\/\/www.europesays.com\/se\/wp-json\/wp\/v2\/users\/2"}],"replies":[{"embeddable":true,"href":"https:\/\/www.europesays.com\/se\/wp-json\/wp\/v2\/comments?post=124860"}],"version-history":[{"count":0,"href":"https:\/\/www.europesays.com\/se\/wp-json\/wp\/v2\/posts\/124860\/revisions"}],"wp:featuredmedia":[{"embeddable":true,"href":"https:\/\/www.europesays.com\/se\/wp-json\/wp\/v2\/media\/124596"}],"wp:attachment":[{"href":"https:\/\/www.europesays.com\/se\/wp-json\/wp\/v2\/media?parent=124860"}],"wp:term":[{"taxonomy":"category","embeddable":true,"href":"https:\/\/www.europesays.com\/se\/wp-json\/wp\/v2\/categories?post=124860"},{"taxonomy":"post_tag","embeddable":true,"href":"https:\/\/www.europesays.com\/se\/wp-json\/wp\/v2\/tags?post=124860"}],"curies":[{"name":"wp","href":"https:\/\/api.w.org\/{rel}","templated":true}]}}