{"id":124867,"date":"2026-01-03T21:47:17","date_gmt":"2026-01-03T21:47:17","guid":{"rendered":"https:\/\/www.europesays.com\/se\/124867\/"},"modified":"2026-01-03T21:47:17","modified_gmt":"2026-01-03T21:47:17","slug":"35-miljoner-kronor-for-dyraste-huset-i-morbylanga-kommun-senaste-manaden-olandsbladet","status":"publish","type":"post","link":"https:\/\/www.europesays.com\/se\/124867\/","title":{"rendered":"3,5 miljoner kronor f\u00f6r dyraste huset i M\u00f6rbyl\u00e5nga kommun senaste m\u00e5naden \u2013 \u00d6landsbladet"},"content":{"rendered":"<p>Om \u00d6landsbladet<\/p>\n<p class=\"site-footer__about-text txt-ui txt-ui-2\">\u00d6land och \u00d6landsbladet, det \u00e4r tv\u00e5 ting som h\u00e4nger ihop.<br \/>\n    V\u00e5r uppgift \u00e4r att vara en r\u00f6st f\u00f6r \u00d6land och \u00f6l\u00e4nningarna.<br \/>\n    Sedan 1867 har \u00d6landsbladet varit vad som beskrivs vid ett medlemsblad f\u00f6r alla som bor eller intresserar sig f\u00f6r det som h\u00e4nder p\u00e5 \u00d6land.<br \/>\n    Ingen nyhet \u00e4r f\u00f6r liten. \u00c5 andra sidan \u00e4r ingen nyhet s\u00e5 stor att det inte g\u00e5r att finna betydelsen f\u00f6r den lille \u00f6l\u00e4nningen.<br \/>\n    Tidningen best\u00e5r av tv\u00e5 redaktioner &#8211; Borgholm och F\u00e4rjestaden &#8211; men v\u00e5ra medarbetare finns \u00f6ver hela \u00f6n.<\/p>\n","protected":false},"excerpt":{"rendered":"Om \u00d6landsbladet \u00d6land och \u00d6landsbladet, det \u00e4r tv\u00e5 ting som h\u00e4nger ihop. V\u00e5r uppgift \u00e4r att vara en&hellip;\n","protected":false},"author":2,"featured_media":124868,"comment_status":"","ping_status":"","sticky":false,"template":"","format":"standard","meta":{"footnotes":""},"categories":[65],"tags":[72,70,71,34,31,33,32,30],"class_list":{"0":"post-124867","1":"post","2":"type-post","3":"status-publish","4":"format-standard","5":"has-post-thumbnail","7":"category-ekonomi","8":"tag-business","9":"tag-economy","10":"tag-ekonomi","11":"tag-se","12":"tag-svenska","13":"tag-sverige","14":"tag-sweden","15":"tag-swedish"},"share_on_mastodon":{"url":"https:\/\/pubeurope.com\/@se\/115833368901132465","error":""},"_links":{"self":[{"href":"https:\/\/www.europesays.com\/se\/wp-json\/wp\/v2\/posts\/124867","targetHints":{"allow":["GET"]}}],"collection":[{"href":"https:\/\/www.europesays.com\/se\/wp-json\/wp\/v2\/posts"}],"about":[{"href":"https:\/\/www.europesays.com\/se\/wp-json\/wp\/v2\/types\/post"}],"author":[{"embeddable":true,"href":"https:\/\/www.europesays.com\/se\/wp-json\/wp\/v2\/users\/2"}],"replies":[{"embeddable":true,"href":"https:\/\/www.europesays.com\/se\/wp-json\/wp\/v2\/comments?post=124867"}],"version-history":[{"count":0,"href":"https:\/\/www.europesays.com\/se\/wp-json\/wp\/v2\/posts\/124867\/revisions"}],"wp:featuredmedia":[{"embeddable":true,"href":"https:\/\/www.europesays.com\/se\/wp-json\/wp\/v2\/media\/124868"}],"wp:attachment":[{"href":"https:\/\/www.europesays.com\/se\/wp-json\/wp\/v2\/media?parent=124867"}],"wp:term":[{"taxonomy":"category","embeddable":true,"href":"https:\/\/www.europesays.com\/se\/wp-json\/wp\/v2\/categories?post=124867"},{"taxonomy":"post_tag","embeddable":true,"href":"https:\/\/www.europesays.com\/se\/wp-json\/wp\/v2\/tags?post=124867"}],"curies":[{"name":"wp","href":"https:\/\/api.w.org\/{rel}","templated":true}]}}