{"id":124870,"date":"2026-01-03T21:52:08","date_gmt":"2026-01-03T21:52:08","guid":{"rendered":"https:\/\/www.europesays.com\/se\/124870\/"},"modified":"2026-01-03T21:52:08","modified_gmt":"2026-01-03T21:52:08","slug":"malmo-kor-over-linkoping-byter-ut-malvakten","status":"publish","type":"post","link":"https:\/\/www.europesays.com\/se\/124870\/","title":{"rendered":"Malm\u00f6 k\u00f6r \u00f6ver Link\u00f6ping \u2022 Byter ut m\u00e5lvakten"},"content":{"rendered":"<p>Malm\u00f6 har f\u00e5tt en pangstart p\u00e5 det nya \u00e5ret.<\/p>\n<p>D\u00e5 tappade Link\u00f6pings storstj\u00e4rna Jakub Vrana fattningen i samband med att han satt utvisad n\u00e4r Malm\u00f6 gjorde 5-0.<\/p>\n<p>\u2013 Jag ska inte ens titta p\u00e5 domaren n\u00e4sta g\u00e5ng han \u00e4r p\u00e5 isen, s\u00e4ger Vrana.\u00a0<\/p>\n<p>Vranas ilska \u2013 skickas ut direkt<img loading=\"lazy\"   alt=\"\"\/><\/p>\n<p>Malm\u00f6 fick jubla.<\/p>\n<p>Foto: PETTER ARVIDSON \/ BILDBYR\u00c5N<\/p>\n<p>\u00d6ppna bild i helsk\u00e4rm<img loading=\"lazy\"   alt=\"\"\/> <\/p>\n<p>Foto: PETTER ARVIDSON \/ BILDBYR\u00c5N<\/p>\n<p>\u00d6ppna bild i helsk\u00e4rm<\/p>\n<p>Formen som sk\u00e5ningarna visar upp \u00e4r inte n\u00e5dig.<\/p>\n<p>Man avslutade, tillsammans med Fr\u00f6lunda som de b\u00e4sta lagen 2025.<\/p>\n<p>Artikeln i korthet<\/p>\n<p> Malm\u00f6 dominerade och vann med 5\u20130 efter en stark andra period.<\/p>\n<p> Link\u00f6pings stj\u00e4rna Jakub Vrana fick matchstraff efter utbrott mot domarna.<\/p>\n<p> LHC:s tr\u00e4nare kritiserade lagets agerande och Vranas beteende.<\/p>\n<p> Vrana uttryckte \u00e5nger \u00f6ver att ha svikit sitt lag.<\/p>\n<p>Visa mer<\/p>\n<p>Nu har man f\u00e5tt en flygande start p\u00e5 2026.<\/p>\n<p>Visserligen dr\u00f6jde det till slutet av den f\u00f6rsta perioden innan man gjorde 1-0, i en period som i \u00f6vrigt var v\u00e4ldigt j\u00e4mn. Men i powerplay kunde Axel Sundberg g\u00f6ra 1-0.<\/p>\n<p>Det var i den andra perioden som det senare rasslade till. Topi Niemel\u00e4 gjorde 2-0, och Janne Kuokkanen sk\u00f6t 3-0 i krysset. Kort senare kunde Linus \u00d6berg g\u00f6ra 4-0, och d\u00e5 best\u00e4mde sig LHC-tr\u00e4naren Mikael H\u00e5kanson f\u00f6r att byta m\u00e5lvakt.<\/p>\n<p><img loading=\"lazy\"   alt=\"\"\/><\/p>\n<p>Vrana blev f\u00f6rbannad.<\/p>\n<p>Foto: PETTER ARVIDSON \/ BILDBYR\u00c5N<\/p>\n<p>\u00d6ppna bild i helsk\u00e4rm<img loading=\"lazy\"   alt=\"\"\/> <\/p>\n<p>Foto: PETTER ARVIDSON \/ BILDBYR\u00c5N<\/p>\n<p>\u00d6ppna bild i helsk\u00e4rmVrana: \u201dS\u00e5rade hans k\u00e4nslor\u201d<\/p>\n<p>D\u00e5 drog Link\u00f6pings stj\u00e4rna Jakub Vrana p\u00e5 sig en utvisning sedan han rev ner Malm\u00f6backen Eemil Viro, som han blev f\u00f6rbannad p\u00e5, och drog p\u00e5 sig ytterligare tv\u00e5 minuter.<\/p>\n<p>I efterf\u00f6ljande powerplay gjorde Malm\u00f6 5-0, och n\u00e4r Vrana kom in p\u00e5 isen visade han omg\u00e5ende sitt missn\u00f6je mot domarna Andreas Harnebring och David Laaksola, som d\u00e5 valde att visa ut Vrana f\u00f6r matchen.<\/p>\n<p>\u2013 Jag m\u00e5ste kontrollera mina k\u00e4nslor. I slut\u00e4ndan \u00e4r det en sport f\u00f6r m\u00e4n, jag tycker vi ska kunna diskutera allt med domarna. De \u00e4r m\u00e4nniskor ocks\u00e5, de g\u00f6r fel ibland och det \u00e4r okej, s\u00e4ger Vrana.<\/p>\n<p>Han gillade dock inte hur det hela sk\u00f6ttes.<\/p>\n<p>\u2013 Om han inte gillade vad jag sa till honom hade han kunnat svara n\u00e5got tillbaka. Jag hade lugnat ner mig och bett om urs\u00e4kt d\u00e5. Uppenbarligen s\u00e5rade jag hans k\u00e4nslor och jag ber om urs\u00e4kt f\u00f6r det.<\/p>\n<p>I framtiden kommer han vara mer noggrann med vad som s\u00e4gs p\u00e5 isen.<\/p>\n<p>\u2013 Vi ligger under med 0\u20134, s\u00e5 klart \u00e4r jag inte glad. Men det hade kunnat hanteras annorlunda. Han sa inget utan kastade bara ut mig. Nu vet jag att n\u00e4r den h\u00e4r killen \u00e4r p\u00e5 isen s\u00e5 ska jag inte ens titta p\u00e5 honom. L\u00e5tsas som att han inte \u00e4r d\u00e4r. F\u00f6r nu vet jag att han kan kasta ut dig f\u00f6r ingenting.<\/p>\n<p>H\u00e5kansson: \u201dF\u00e5r inte agera s\u00e5\u201d<\/p>\n<p>Matchen slutade 5\u20130.\u00a0<\/p>\n<p>\u2013 Jag \u00e4r oerh\u00f6rt besviken p\u00e5 hur vi agerar i andra perioden i sju minuter, s\u00e4ger LHC-tr\u00e4naren Mikael H\u00e5kansson och forts\u00e4tter:\u00a0<\/p>\n<p>\u2013 Att det rinner i v\u00e4g s\u00e5, det f\u00e5r inte se ut s\u00e5.<\/p>\n<p>Annons<\/p>\n<p>H\u00e5kansson \u00e4r \u00e4ven besviken \u00f6ver Vranas agerande.<\/p>\n<p>\u2013 Han m\u00e5ste h\u00e5lla sig cool. Han \u00e4r frustrerad \u00f6ver det som h\u00e4nder n\u00e4r de g\u00e5r ifr\u00e5n till 4-0, s\u00e4ger han och forts\u00e4tter:<\/p>\n<p>\u2013 Han f\u00e5r inte agera s\u00e5. S\u00e5 enkelt \u00e4r det. Det \u00e4r inte okej. ibland svartnar det. Men man f\u00e5r inte agera s\u00e5.<\/p>\n<p>Vrana:<\/p>\n<p>\u2013 Jag \u00e4r mest arg \u00f6ver att ha svikit mitt lag. Det \u00e4r inte r\u00e4tt. Vi m\u00e5ste g\u00e5 vidare. Vi presterade inte i dag men vi \u00e4r ett bra hockeylag.<\/p>\n<p>\u2013 Vi har tr\u00e4ning om tv\u00e5 dagar och f\u00e5r prata om det d\u00e5. Det \u00e4r ingen mening att g\u00f6ra det nu. Det som skett har skett.<\/p>\n<p>Viros svar efter sm\u00e4llen<\/p>\n<p>Malm\u00f6backen Eemil Viro, som fick ta emot slaget fr\u00e5n Vrana, som blev f\u00f6rbannad p\u00e5 honom, \u00e4r lugn och samlad efter\u00e5t.<\/p>\n<p>\u2013 Nu har jag inte sett situationen i efterhand. Men den tar mot nedre delen av ryggen, in mot sidan.<\/p>\n<p>\u2013 Det \u00e4r olcykligt. Jag har egentligen ingenting mer att till\u00e4gga.<\/p>\n<p><strong>Han verkade v\u00e4ldigt arg p\u00e5 dig.<\/strong><\/p>\n<p>\u2013 Ja, han var arg. Jag h\u00f6rde dock inte vad han sa. S\u00e5 kan jag inte uttala mig om det egentligen, s\u00e4ger Viro.<\/p>\n<p>Vad tycker du om hans reaktion?<\/p>\n<p>\u2013 Det var tur f\u00f6r mig att hans klubba gick av n\u00e4r han gjorde crosscheckingen, s\u00e5 den tog nog betydligt mildare \u00e4n det hade kunnat g\u00f6ra. Jag f\u00f6rst\u00e5r att man tappar hum\u00f6ret ibland. Men jag kan inte styra hur andra ska reagera eller agera. Mitt fokus var att h\u00e5lla mig lugn, s\u00e4ger Malm\u00f6backen.<\/p>\n<p>Tomas Thorsbrink l\u00e4gger locket p\u00e5 om vad som sades<\/p>\n<p>Expressen var efter matchen i kontakt med domarparet David Laaksola och Andreas Harnebring, som inte kunde ge n\u00e5gra kommentarer. Enligt \u00f6verenskommelse ska det synkas med domarbasen Tomas Thorsbrink, som i en kort kommentar s\u00e4ger att man inte kommer att s\u00e4ga exakt vad som sades.<\/p>\n<p>\u2013 Det \u00e4r n\u00e5got som f\u00e5r stanna mellan domarna och honom. Han uttryckte sig p\u00e5 ett s\u00e5dant s\u00e4tt som kan leda till en game missconduct, s\u00e4ger Thorsbrink.<\/p>\n<p>Var det endast verbalt han uttryckte sig?<\/p>\n<p>\u2013 Ja, bara verbalt. Han f\u00e5r tv\u00e5 minuter abuse. Sedan han forts\u00e4tter han, d\u00e5 f\u00e5r han en tia, och d\u00e5 forts\u00e4tter han ytterligare och d\u00e5 blir det game missconduct.\u00a0<\/p>\n<p>\u2013 Det finns vissa saker som man f\u00e5r game direkt. Om man uttrycker sig rasistiskt, sexistiskt eller hotar. Men allm\u00e4nt d\u00e5ligt beteende d\u00e5 finns det en trappa, som vi f\u00f6ljer, s\u00e4ger Thorsbrink.<\/p>\n","protected":false},"excerpt":{"rendered":"Malm\u00f6 har f\u00e5tt en pangstart p\u00e5 det nya \u00e5ret. D\u00e5 tappade Link\u00f6pings storstj\u00e4rna Jakub Vrana fattningen i samband&hellip;\n","protected":false},"author":2,"featured_media":124871,"comment_status":"","ping_status":"","sticky":false,"template":"","format":"standard","meta":{"footnotes":""},"categories":[68],"tags":[2025,2735,1179,34,255,823,111,110,31,33,32,30],"class_list":{"0":"post-124870","1":"post","2":"type-post","3":"status-publish","4":"format-standard","5":"has-post-thumbnail","7":"category-sport","8":"tag-organization-linkoping-hc","9":"tag-organization-malmo-redhawks","10":"tag-organization-shl","11":"tag-se","12":"tag-sections-ishockey","13":"tag-sections-shl","14":"tag-sport","15":"tag-sports","16":"tag-svenska","17":"tag-sverige","18":"tag-sweden","19":"tag-swedish"},"share_on_mastodon":{"url":"https:\/\/pubeurope.com\/@se\/115833388667003456","error":""},"_links":{"self":[{"href":"https:\/\/www.europesays.com\/se\/wp-json\/wp\/v2\/posts\/124870","targetHints":{"allow":["GET"]}}],"collection":[{"href":"https:\/\/www.europesays.com\/se\/wp-json\/wp\/v2\/posts"}],"about":[{"href":"https:\/\/www.europesays.com\/se\/wp-json\/wp\/v2\/types\/post"}],"author":[{"embeddable":true,"href":"https:\/\/www.europesays.com\/se\/wp-json\/wp\/v2\/users\/2"}],"replies":[{"embeddable":true,"href":"https:\/\/www.europesays.com\/se\/wp-json\/wp\/v2\/comments?post=124870"}],"version-history":[{"count":0,"href":"https:\/\/www.europesays.com\/se\/wp-json\/wp\/v2\/posts\/124870\/revisions"}],"wp:featuredmedia":[{"embeddable":true,"href":"https:\/\/www.europesays.com\/se\/wp-json\/wp\/v2\/media\/124871"}],"wp:attachment":[{"href":"https:\/\/www.europesays.com\/se\/wp-json\/wp\/v2\/media?parent=124870"}],"wp:term":[{"taxonomy":"category","embeddable":true,"href":"https:\/\/www.europesays.com\/se\/wp-json\/wp\/v2\/categories?post=124870"},{"taxonomy":"post_tag","embeddable":true,"href":"https:\/\/www.europesays.com\/se\/wp-json\/wp\/v2\/tags?post=124870"}],"curies":[{"name":"wp","href":"https:\/\/api.w.org\/{rel}","templated":true}]}}