{"id":124893,"date":"2026-01-03T22:12:07","date_gmt":"2026-01-03T22:12:07","guid":{"rendered":"https:\/\/www.europesays.com\/se\/124893\/"},"modified":"2026-01-03T22:12:07","modified_gmt":"2026-01-03T22:12:07","slug":"svarare-for-nyexaminerade-programmerare-att-fa-jobb","status":"publish","type":"post","link":"https:\/\/www.europesays.com\/se\/124893\/","title":{"rendered":"Sv\u00e5rare f\u00f6r nyexaminerade programmerare att f\u00e5 jobb"},"content":{"rendered":"<p>Andelen utexaminerade programmerare som f\u00e5tt jobb efter examen sjunker kraftigt, rapporterar Svenska Dagbladet. Joel Junros, som \u00e4r analytiker p\u00e5 Myndigheten f\u00f6r yrkesh\u00f6gskolan, s\u00e4ger till tidningen att f\u00f6r\u00e4ndringen \u00e4r den st\u00f6rsta han kan hitta i statistiken. <\/p>\n<p>\u00c5r 2022 fick 90 procent av de som l\u00e4st programmering vid Yrkesh\u00f6gskolan jobb, men tre \u00e5r senare \u00e4r den andelen 69 procent. <\/p>\n<p>Bland f\u00f6rklaringarna finns l\u00e5gkonjunkturen, d\u00e4r de som \u00e4r mer seniora \u00e4r eftertraktade, samtidigt som \u00f6kad anv\u00e4ndning av AI kan vara ett annat sk\u00e4l. <\/p>\n<p>Omni \u00e4r politiskt obundna och oberoende. Vi str\u00e4var efter att ge fler perspektiv p\u00e5 nyheterna. Har du fr\u00e5gor eller synpunkter kring v\u00e5r rapportering? <a href=\"https:\/\/omni.se\/svarare-for-nyexaminerade-programmerare-att-fa-jobb\/a\/mailto:redaktion@omni.se\" class=\"ArticleActions_contactLink__W2F1M\" rel=\"nofollow noopener\" target=\"_blank\">Kontakta redaktionen<\/a><\/p>\n","protected":false},"excerpt":{"rendered":"Andelen utexaminerade programmerare som f\u00e5tt jobb efter examen sjunker kraftigt, rapporterar Svenska Dagbladet. Joel Junros, som \u00e4r analytiker&hellip;\n","protected":false},"author":2,"featured_media":124894,"comment_status":"","ping_status":"","sticky":false,"template":"","format":"standard","meta":{"footnotes":""},"categories":[65],"tags":[720,466,72,70,71,34,31,33,32,30],"class_list":{"0":"post-124893","1":"post","2":"type-post","3":"status-publish","4":"format-standard","5":"has-post-thumbnail","7":"category-ekonomi","8":"tag-arbetsmarknad","9":"tag-artificiell-intelligens","10":"tag-business","11":"tag-economy","12":"tag-ekonomi","13":"tag-se","14":"tag-svenska","15":"tag-sverige","16":"tag-sweden","17":"tag-swedish"},"share_on_mastodon":{"url":"https:\/\/pubeurope.com\/@se\/115833467231142433","error":""},"_links":{"self":[{"href":"https:\/\/www.europesays.com\/se\/wp-json\/wp\/v2\/posts\/124893","targetHints":{"allow":["GET"]}}],"collection":[{"href":"https:\/\/www.europesays.com\/se\/wp-json\/wp\/v2\/posts"}],"about":[{"href":"https:\/\/www.europesays.com\/se\/wp-json\/wp\/v2\/types\/post"}],"author":[{"embeddable":true,"href":"https:\/\/www.europesays.com\/se\/wp-json\/wp\/v2\/users\/2"}],"replies":[{"embeddable":true,"href":"https:\/\/www.europesays.com\/se\/wp-json\/wp\/v2\/comments?post=124893"}],"version-history":[{"count":0,"href":"https:\/\/www.europesays.com\/se\/wp-json\/wp\/v2\/posts\/124893\/revisions"}],"wp:featuredmedia":[{"embeddable":true,"href":"https:\/\/www.europesays.com\/se\/wp-json\/wp\/v2\/media\/124894"}],"wp:attachment":[{"href":"https:\/\/www.europesays.com\/se\/wp-json\/wp\/v2\/media?parent=124893"}],"wp:term":[{"taxonomy":"category","embeddable":true,"href":"https:\/\/www.europesays.com\/se\/wp-json\/wp\/v2\/categories?post=124893"},{"taxonomy":"post_tag","embeddable":true,"href":"https:\/\/www.europesays.com\/se\/wp-json\/wp\/v2\/tags?post=124893"}],"curies":[{"name":"wp","href":"https:\/\/api.w.org\/{rel}","templated":true}]}}