{"id":124899,"date":"2026-01-03T22:31:07","date_gmt":"2026-01-03T22:31:07","guid":{"rendered":"https:\/\/www.europesays.com\/se\/124899\/"},"modified":"2026-01-03T22:31:07","modified_gmt":"2026-01-03T22:31:07","slug":"kvallens-nyheter-tre-till-sjukhus-efter-bussolycka-nathalie-kan-inte-sluta-nysa-tung-forlust-for-fbk","status":"publish","type":"post","link":"https:\/\/www.europesays.com\/se\/124899\/","title":{"rendered":"KV\u00c4LLENS NYHETER: Tre till sjukhus efter bussolycka \u2022 Nathalie kan inte sluta nysa \u2022 Tung f\u00f6rlust f\u00f6r FBK"},"content":{"rendered":"<p class=\"mb-4 mx-auto max-w-xl\"><strong>Vill du f\u00e5 en snabb uppdatering p\u00e5 nyhetsl\u00e4get i V\u00e4rmland? H\u00e4r \u00e4r kv\u00e4llens nyheter.<\/strong><\/p>\n<p class=\"break-words mb-4 mx-auto max-w-xl\">Tre personer f\u00f6rdes till sjukhus med ambulans efter att en buss k\u00f6rde i diket p\u00e5 E45 i Sunne kommun.<\/p>\n<p><a class=\"in-article-link mb-4 mx-auto max-w-xl text-gray-900 hover:text-gray-900\/70 dark:text-gray-50 dark:hover:text-gray-50\/70\" href=\"https:\/\/www.nwt.se\/2026\/01\/03\/buss-korde-i-diket-pa-e45-tre-till-sjukhus-kort-in-i-stolpe-1dda2\/\" rel=\"nofollow noopener\" target=\"_blank\">Buss k\u00f6rde i diket p\u00e5 E45 \u2013 tre till sjukhus: \u201dK\u00f6rt in i stolpe\u201d<\/a><\/p>\n<p class=\"break-words mb-4 mx-auto max-w-xl\">Nathalie fr\u00e5n Karlstad \u00e4r beroende av att nysa och \u00e4r en sj\u00e4lvutn\u00e4mnd \u201dsneezaholic\u201d. <\/p>\n<p><a class=\"in-article-link mb-4 mx-auto max-w-xl text-gray-900 hover:text-gray-900\/70 dark:text-gray-50 dark:hover:text-gray-50\/70\" href=\"https:\/\/www.nwt.se\/2026\/01\/03\/nathalie-trabold-sveriges-forsta-sneezeaholic-och-hennes-unika-fascination-for-nysningar-88362\/\" rel=\"nofollow noopener\" target=\"_blank\">Uppm\u00e4rksammade fenomenet \u2013 Nathalie, 18, kan inte sluta nysa: \u201dPinsamt\u201d<\/a><\/p>\n<p class=\"break-words mb-4 mx-auto max-w-xl\">FBK \u00e5kte p\u00e5 en tung f\u00f6rlust hemma mot Skellefte\u00e5 i en fullsatt arena p\u00e5 l\u00f6rdagen. <\/p>\n<p><a class=\"in-article-link mb-4 mx-auto max-w-xl text-gray-900 hover:text-gray-900\/70 dark:text-gray-50 dark:hover:text-gray-50\/70\" href=\"https:\/\/www.nwt.se\/2026\/01\/03\/vicekaptenen-om-tunga-forlusten-de-var-battre-an-oss-i-allt-61513\/\" rel=\"nofollow noopener\" target=\"_blank\">Vicekaptenen om tunga f\u00f6rlusten: \u201dDe var b\u00e4ttre \u00e4n oss i allt\u201d<\/a><\/p>\n","protected":false},"excerpt":{"rendered":"Vill du f\u00e5 en snabb uppdatering p\u00e5 nyhetsl\u00e4get i V\u00e4rmland? H\u00e4r \u00e4r kv\u00e4llens nyheter. Tre personer f\u00f6rdes till&hellip;\n","protected":false},"author":2,"featured_media":124900,"comment_status":"","ping_status":"","sticky":false,"template":"","format":"standard","meta":{"footnotes":""},"categories":[12],"tags":[22,23,26,27,17,21,24,25,28,29,15,16,18,34,31,33,32,30,19,20],"class_list":{"0":"post-124899","1":"post","2":"type-post","3":"status-publish","4":"format-standard","5":"has-post-thumbnail","7":"category-sverige","8":"tag-breaking-news","9":"tag-breakingnews","10":"tag-featured-news","11":"tag-featurednews","12":"tag-headlines","13":"tag-huvudnyheter","14":"tag-latest-news","15":"tag-latestnews","16":"tag-main-news","17":"tag-mainnews","18":"tag-news","19":"tag-nyheter","20":"tag-rubriker","21":"tag-se","22":"tag-svenska","23":"tag-sverige","24":"tag-sweden","25":"tag-swedish","26":"tag-top-stories","27":"tag-topstories"},"share_on_mastodon":{"url":"https:\/\/pubeurope.com\/@se\/115833541909294036","error":""},"_links":{"self":[{"href":"https:\/\/www.europesays.com\/se\/wp-json\/wp\/v2\/posts\/124899","targetHints":{"allow":["GET"]}}],"collection":[{"href":"https:\/\/www.europesays.com\/se\/wp-json\/wp\/v2\/posts"}],"about":[{"href":"https:\/\/www.europesays.com\/se\/wp-json\/wp\/v2\/types\/post"}],"author":[{"embeddable":true,"href":"https:\/\/www.europesays.com\/se\/wp-json\/wp\/v2\/users\/2"}],"replies":[{"embeddable":true,"href":"https:\/\/www.europesays.com\/se\/wp-json\/wp\/v2\/comments?post=124899"}],"version-history":[{"count":0,"href":"https:\/\/www.europesays.com\/se\/wp-json\/wp\/v2\/posts\/124899\/revisions"}],"wp:featuredmedia":[{"embeddable":true,"href":"https:\/\/www.europesays.com\/se\/wp-json\/wp\/v2\/media\/124900"}],"wp:attachment":[{"href":"https:\/\/www.europesays.com\/se\/wp-json\/wp\/v2\/media?parent=124899"}],"wp:term":[{"taxonomy":"category","embeddable":true,"href":"https:\/\/www.europesays.com\/se\/wp-json\/wp\/v2\/categories?post=124899"},{"taxonomy":"post_tag","embeddable":true,"href":"https:\/\/www.europesays.com\/se\/wp-json\/wp\/v2\/tags?post=124899"}],"curies":[{"name":"wp","href":"https:\/\/api.w.org\/{rel}","templated":true}]}}