{"id":124905,"date":"2026-01-03T22:44:07","date_gmt":"2026-01-03T22:44:07","guid":{"rendered":"https:\/\/www.europesays.com\/se\/124905\/"},"modified":"2026-01-03T22:44:07","modified_gmt":"2026-01-03T22:44:07","slug":"marvel-stjarnan-evangeline-lilly-hjarnskadad-efter-fall","status":"publish","type":"post","link":"https:\/\/www.europesays.com\/se\/124905\/","title":{"rendered":"Marvel-stj\u00e4rnan Evangeline Lilly hj\u00e4rnskadad efter fall"},"content":{"rendered":"<p>Publicerad 3 jan 2026 kl 23.30<\/p>\n<p>Marvel-stj\u00e4rnan Evangeline Lilly har blivit hj\u00e4rnskadad efter ett fall, skriver <a href=\"https:\/\/eu.usatoday.com\/story\/entertainment\/celebrities\/2026\/01\/03\/evangeline-lilly-brain-damage-cognitive-decline\/88006248007\/\" rel=\"nofollow noopener\" target=\"_blank\">People<\/a>.<\/p>\n<p>\u2013 N\u00e4stan varje omr\u00e5de i min hj\u00e4rna fungerar med minskad kapacitet, s\u00e4ger Lilly.<\/p>\n<p>Senaste n\u00f6jesklippen fr\u00e5n Expressen.<img   alt=\"\"\/><\/p>\n<p>Paul Rudd, Kathryn Newton och Evangeline Lilly i \u201dAnt-Man and the Wasp: Quantumania\u201d.<\/p>\n<p>Foto: Marvel Studios \/ Courtesy of Marvel Studios<\/p>\n<p>\u00d6ppna bild i helsk\u00e4rm<img loading=\"lazy\"   alt=\"\"\/><\/p>\n<p>Evangeline Lilly ber\u00e4ttade om hj\u00e4rnskadan i en video p\u00e5 Instagram.<\/p>\n<p>Foto: Instagram<\/p>\n<p>\u00d6ppna bild i helsk\u00e4rm<\/p>\n<p>Sk\u00e5despelaren <a href=\"https:\/\/www.expressen.se\/tagg\/person\/evangeline-lilly\/\" class=\"\" rel=\"nofollow noopener\" target=\"_blank\">Evangeline Lilly<\/a>, 46, \u00e4r k\u00e4nd fr\u00e5n tv-serien \u201dLost\u201d, \u201dThe Hobbit\u201d-trilogin och rollen som Wasp i Marvel-filmerna.<\/p>\n<p>Lilly, som i somras tillk\u00e4nnagav att hon har lidit av blackouts sedan barndomen, var nyligen med om en olycka p\u00e5 Hawaii d\u00e4r hon svimmade och f\u00f6ll med ansiktet f\u00f6rst p\u00e5 ett stenblock. I helgen meddelade hon p\u00e5 <a href=\"https:\/\/www.instagram.com\/p\/DTAUGiBDbAd\/\" rel=\"nofollow noopener\" target=\"_blank\">Instagram<\/a> att hon har \u201dd\u00e5liga nyheter\u201d.<\/p>\n<p>\u2013 Domen \u00e4r inne. Jag har hj\u00e4rnskador, s\u00e4ger Lilly.<\/p>\n<p>Hon sade med glimten i \u00f6gat att det var \u201den tr\u00f6st att veta att min kognitiva nedg\u00e5ng\u201d inte \u201dbara\u201d hade med klimakteriet att g\u00f6ra.<\/p>\n<p>\u2013 Men obehagligt att veta vilken uppf\u00f6rsbacke det kommer att bli att f\u00f6rs\u00f6ka v\u00e4nda bristerna, skriver Lilly.<\/p>\n<p>\u201dFungerar med minskad kapacitet\u201d<\/p>\n<p>Hon ber\u00e4ttade att l\u00e4karnas unders\u00f6kningar har bekr\u00e4ftat att \u201dn\u00e4stan varje omr\u00e5de i min hj\u00e4rna fungerar med minskad kapacitet\u201d.<\/p>\n<p>\u2013 Men nu \u00e4r mitt jobb att g\u00e5 till botten med detta med l\u00e4karna och sedan p\u00e5b\u00f6rja det h\u00e5rda arbetet med att fixa det, vilket jag inte ser fram emot eftersom jag k\u00e4nner att h\u00e5rt arbete \u00e4r allt jag g\u00f6r. Men det \u00e4r okej, s\u00e4ger Lilly.<\/p>\n<p>Hon tackade \u201dalla f\u00f6r att ni bryr er\u201d.<\/p>\n<p>\u2013 Jag k\u00e4nner mig oerh\u00f6rt tacksam och v\u00e4lsignad \u00f6ver att kunna leva och leka en dag till, ett \u00e5r till p\u00e5 denna vackra levande planet, s\u00e4ger Lilly.<\/p>\n<p><script async src=\"\/\/www.instagram.com\/embed.js\"><\/script><\/p>\n","protected":false},"excerpt":{"rendered":"Publicerad 3 jan 2026 kl 23.30 Marvel-stj\u00e4rnan Evangeline Lilly har blivit hj\u00e4rnskadad efter ett fall, skriver People. \u2013&hellip;\n","protected":false},"author":2,"featured_media":124906,"comment_status":"","ping_status":"","sticky":false,"template":"","format":"standard","meta":{"footnotes":""},"categories":[67],"tags":[104,12494,13076,34,31,33,32,30,109,105],"class_list":{"0":"post-124905","1":"post","2":"type-post","3":"status-publish","4":"format-standard","5":"has-post-thumbnail","7":"category-underhallning","8":"tag-entertainment","9":"tag-organization-marvel-cinematic-universe","10":"tag-person-evangeline-lilly","11":"tag-se","12":"tag-svenska","13":"tag-sverige","14":"tag-sweden","15":"tag-swedish","16":"tag-topic-skadespelare","17":"tag-underhallning"},"share_on_mastodon":{"url":"https:\/\/pubeurope.com\/@se\/115833593072758993","error":""},"_links":{"self":[{"href":"https:\/\/www.europesays.com\/se\/wp-json\/wp\/v2\/posts\/124905","targetHints":{"allow":["GET"]}}],"collection":[{"href":"https:\/\/www.europesays.com\/se\/wp-json\/wp\/v2\/posts"}],"about":[{"href":"https:\/\/www.europesays.com\/se\/wp-json\/wp\/v2\/types\/post"}],"author":[{"embeddable":true,"href":"https:\/\/www.europesays.com\/se\/wp-json\/wp\/v2\/users\/2"}],"replies":[{"embeddable":true,"href":"https:\/\/www.europesays.com\/se\/wp-json\/wp\/v2\/comments?post=124905"}],"version-history":[{"count":0,"href":"https:\/\/www.europesays.com\/se\/wp-json\/wp\/v2\/posts\/124905\/revisions"}],"wp:featuredmedia":[{"embeddable":true,"href":"https:\/\/www.europesays.com\/se\/wp-json\/wp\/v2\/media\/124906"}],"wp:attachment":[{"href":"https:\/\/www.europesays.com\/se\/wp-json\/wp\/v2\/media?parent=124905"}],"wp:term":[{"taxonomy":"category","embeddable":true,"href":"https:\/\/www.europesays.com\/se\/wp-json\/wp\/v2\/categories?post=124905"},{"taxonomy":"post_tag","embeddable":true,"href":"https:\/\/www.europesays.com\/se\/wp-json\/wp\/v2\/tags?post=124905"}],"curies":[{"name":"wp","href":"https:\/\/api.w.org\/{rel}","templated":true}]}}