{"id":124913,"date":"2026-01-03T23:06:21","date_gmt":"2026-01-03T23:06:21","guid":{"rendered":"https:\/\/www.europesays.com\/se\/124913\/"},"modified":"2026-01-03T23:06:21","modified_gmt":"2026-01-03T23:06:21","slug":"frida-karlsson-tar-en-paus-fran-skidorna-tidningen-angermanland","status":"publish","type":"post","link":"https:\/\/www.europesays.com\/se\/124913\/","title":{"rendered":"Frida Karlsson tar en paus fr\u00e5n skidorna \u2013 Tidningen \u00c5ngermanland"},"content":{"rendered":"<p>En sista kl\u00e4ttring p\u00e5 Tour de Ski.<\/p>\n<p>Sedan tar Frida Karlsson en kortare paus fr\u00e5n skidorna f\u00f6r att komma tillr\u00e4tta med sin trilskande h\u00e4l.<\/p>\n<p>\u2013 Jag ska s\u00e4tta mig p\u00e5 cykeln ett tag, s\u00e4ger hon efter sprintt\u00e4vlingen.<\/p>\n<p>Skidstj\u00e4rnan Frida Karlsson tog sig vidare fr\u00e5n sprintkvalet p\u00e5 OS-banan i Val di Fiemme, men slogs sedan ut i kvartsfinal.<\/p>\n<p>Tekniskt fel<\/p>\n<p class=\"message__text txt-ui txt-ui-2\">V\u00e4nligen f\u00f6rs\u00f6k igen senare.<\/p>\n<p>Den h\u00e4r artikeln \u00e4r bara f\u00f6r prenumeranter<\/p>\n<p class=\"txt-body txt-body-1\">Om du redan \u00e4r prenumerant: logga in!<\/p>\n","protected":false},"excerpt":{"rendered":"En sista kl\u00e4ttring p\u00e5 Tour de Ski. Sedan tar Frida Karlsson en kortare paus fr\u00e5n skidorna f\u00f6r att&hellip;\n","protected":false},"author":2,"featured_media":124914,"comment_status":"","ping_status":"","sticky":false,"template":"","format":"standard","meta":{"footnotes":""},"categories":[5],"tags":[22,23,26,27,17,21,24,25,28,29,15,16,18,34,31,33,32,30,19,20],"class_list":{"0":"post-124913","1":"post","2":"type-post","3":"status-publish","4":"format-standard","5":"has-post-thumbnail","7":"category-rubriker","8":"tag-breaking-news","9":"tag-breakingnews","10":"tag-featured-news","11":"tag-featurednews","12":"tag-headlines","13":"tag-huvudnyheter","14":"tag-latest-news","15":"tag-latestnews","16":"tag-main-news","17":"tag-mainnews","18":"tag-news","19":"tag-nyheter","20":"tag-rubriker","21":"tag-se","22":"tag-svenska","23":"tag-sverige","24":"tag-sweden","25":"tag-swedish","26":"tag-top-stories","27":"tag-topstories"},"share_on_mastodon":{"url":"https:\/\/pubeurope.com\/@se\/115833679566250211","error":""},"_links":{"self":[{"href":"https:\/\/www.europesays.com\/se\/wp-json\/wp\/v2\/posts\/124913","targetHints":{"allow":["GET"]}}],"collection":[{"href":"https:\/\/www.europesays.com\/se\/wp-json\/wp\/v2\/posts"}],"about":[{"href":"https:\/\/www.europesays.com\/se\/wp-json\/wp\/v2\/types\/post"}],"author":[{"embeddable":true,"href":"https:\/\/www.europesays.com\/se\/wp-json\/wp\/v2\/users\/2"}],"replies":[{"embeddable":true,"href":"https:\/\/www.europesays.com\/se\/wp-json\/wp\/v2\/comments?post=124913"}],"version-history":[{"count":0,"href":"https:\/\/www.europesays.com\/se\/wp-json\/wp\/v2\/posts\/124913\/revisions"}],"wp:featuredmedia":[{"embeddable":true,"href":"https:\/\/www.europesays.com\/se\/wp-json\/wp\/v2\/media\/124914"}],"wp:attachment":[{"href":"https:\/\/www.europesays.com\/se\/wp-json\/wp\/v2\/media?parent=124913"}],"wp:term":[{"taxonomy":"category","embeddable":true,"href":"https:\/\/www.europesays.com\/se\/wp-json\/wp\/v2\/categories?post=124913"},{"taxonomy":"post_tag","embeddable":true,"href":"https:\/\/www.europesays.com\/se\/wp-json\/wp\/v2\/tags?post=124913"}],"curies":[{"name":"wp","href":"https:\/\/api.w.org\/{rel}","templated":true}]}}