{"id":124927,"date":"2026-01-04T00:33:14","date_gmt":"2026-01-04T00:33:14","guid":{"rendered":"https:\/\/www.europesays.com\/se\/124927\/"},"modified":"2026-01-04T00:33:14","modified_gmt":"2026-01-04T00:33:14","slug":"influensa-okar-pa-kanarieoarna-myndigheter-kraver-munskydd","status":"publish","type":"post","link":"https:\/\/www.europesays.com\/se\/124927\/","title":{"rendered":"Influensa \u00f6kar p\u00e5 Kanarie\u00f6arna \u2013 myndigheter kr\u00e4ver munskydd"},"content":{"rendered":"<p>Publicerad 3 jan 2026 kl 21.36Uppdaterad 4 jan kl 00.37<\/p>\n<p>En influensa sprider sig just nu p\u00e5 Kanarie\u00f6arna.<\/p>\n<p>Det f\u00e5r myndigheterna att agera.<\/p>\n<p>Nu ut\u00f6kas rekommendationerna kring var och n\u00e4r man ska b\u00e4ra munskydd, skriver <a href=\"https:\/\/www.dagbladet.no\/nyheter\/tilbake-pa-kanarioyene\/84049307\" rel=\"nofollow noopener\" target=\"_blank\">Dagbladet<\/a>.\u00a0<\/p>\n<p><img   alt=\"\"\/><\/p>\n<p>Kanarie\u00f6arna inf\u00f6ra nya munskyddsr\u00e5d efter en \u00f6kning av antalet influensafall.<\/p>\n<p>Foto: KALEFF &#8211; STOCK.ADOBE.COM \/ ADOBE STOCK<\/p>\n<p>\u00d6ppna bild i helsk\u00e4rm<\/p>\n<p>Antalet influensafall har \u00f6kat drastiskt p\u00e5 <a href=\"https:\/\/www.expressen.se\/tagg\/location\/kanarieoarna\/\" class=\"\" rel=\"nofollow noopener\" target=\"_blank\">Kanarie\u00f6arna<\/a>, skriver Dagbladet. Sedan tidigare har sjukv\u00e5rdspersonal, patienter och bes\u00f6kare p\u00e5 sjukhus uppmuntrats att b\u00e4ra munskydd.<\/p>\n<p>Nu sk\u00e4rper myndigheterna rekommendationerna. Munskydden ska anv\u00e4ndas alla p\u00e5 apotek, sjukhus, l\u00e4karmottagningar \u2013 och det g\u00e4ller \u00e4ven dem som inte uppvisar n\u00e5gra sjukdomssymptom.\u00a0<\/p>\n<p>Drastisk \u00f6kning<\/p>\n<p>Under december har det skett en \u00f6kning med 28 procent av antalet fall. Det \u00e4r n\u00e4stan 200 fall per 100 000 inv\u00e5nare.\u00a0<\/p>\n<p>De spanska myndigheterna f\u00f6rv\u00e4ntar sig ocks\u00e5 att den siffran kommer att \u00f6ka \u00e4nnu mer efter julhelgen.\u00a0<\/p>\n<p>H\u00e4lsomyndigheterna betonar att det \u00e4r extra viktigt att de som har kontakt med utsatta grupper, som \u00e4ldre och sjuka, b\u00e4r munskydd. V\u00e5rdcentralerna har p\u00e5 grund av sk\u00e4rpningen av rekommendationen \u00e4ven b\u00f6rjat delat ut masker vid ing\u00e5ngar.\u00a0<\/p>\n<p>Fler vaccinerar sig<\/p>\n<p>I takt med att influensan sprider sig har allt fler vaccinerat sig. \u00c4n s\u00e5 l\u00e4nge har 250 000 personer gjort det p\u00e5 Kanarie\u00f6arna, vilket \u00e4r en \u00f6kning p\u00e5 15 procent j\u00e4mf\u00f6rt med samma period f\u00f6reg\u00e5ende \u00e5r.\u00a0<\/p>\n<p>P\u00e5 bara de senaste tv\u00e5 veckorna har n\u00e4stan 12 000 doser delats ut.\u00a0<\/p>\n","protected":false},"excerpt":{"rendered":"Publicerad 3 jan 2026 kl 21.36Uppdaterad 4 jan kl 00.37 En influensa sprider sig just nu p\u00e5 Kanarie\u00f6arna.&hellip;\n","protected":false},"author":2,"featured_media":124928,"comment_status":"","ping_status":"","sticky":false,"template":"","format":"standard","meta":{"footnotes":""},"categories":[12],"tags":[22,23,26,27,17,21,24,25,501,28,29,15,16,18,34,55,31,33,32,30,19,20],"class_list":{"0":"post-124927","1":"post","2":"type-post","3":"status-publish","4":"format-standard","5":"has-post-thumbnail","7":"category-sverige","8":"tag-breaking-news","9":"tag-breakingnews","10":"tag-featured-news","11":"tag-featurednews","12":"tag-headlines","13":"tag-huvudnyheter","14":"tag-latest-news","15":"tag-latestnews","16":"tag-location-kanarieoarna","17":"tag-main-news","18":"tag-mainnews","19":"tag-news","20":"tag-nyheter","21":"tag-rubriker","22":"tag-se","23":"tag-sections-varlden","24":"tag-svenska","25":"tag-sverige","26":"tag-sweden","27":"tag-swedish","28":"tag-top-stories","29":"tag-topstories"},"share_on_mastodon":{"url":"https:\/\/pubeurope.com\/@se\/115834021680460671","error":""},"_links":{"self":[{"href":"https:\/\/www.europesays.com\/se\/wp-json\/wp\/v2\/posts\/124927","targetHints":{"allow":["GET"]}}],"collection":[{"href":"https:\/\/www.europesays.com\/se\/wp-json\/wp\/v2\/posts"}],"about":[{"href":"https:\/\/www.europesays.com\/se\/wp-json\/wp\/v2\/types\/post"}],"author":[{"embeddable":true,"href":"https:\/\/www.europesays.com\/se\/wp-json\/wp\/v2\/users\/2"}],"replies":[{"embeddable":true,"href":"https:\/\/www.europesays.com\/se\/wp-json\/wp\/v2\/comments?post=124927"}],"version-history":[{"count":0,"href":"https:\/\/www.europesays.com\/se\/wp-json\/wp\/v2\/posts\/124927\/revisions"}],"wp:featuredmedia":[{"embeddable":true,"href":"https:\/\/www.europesays.com\/se\/wp-json\/wp\/v2\/media\/124928"}],"wp:attachment":[{"href":"https:\/\/www.europesays.com\/se\/wp-json\/wp\/v2\/media?parent=124927"}],"wp:term":[{"taxonomy":"category","embeddable":true,"href":"https:\/\/www.europesays.com\/se\/wp-json\/wp\/v2\/categories?post=124927"},{"taxonomy":"post_tag","embeddable":true,"href":"https:\/\/www.europesays.com\/se\/wp-json\/wp\/v2\/tags?post=124927"}],"curies":[{"name":"wp","href":"https:\/\/api.w.org\/{rel}","templated":true}]}}