{"id":124942,"date":"2026-01-04T01:27:31","date_gmt":"2026-01-04T01:27:31","guid":{"rendered":"https:\/\/www.europesays.com\/se\/124942\/"},"modified":"2026-01-04T01:27:31","modified_gmt":"2026-01-04T01:27:31","slug":"bostadspriserna-foll-med-10-procent-i-december","status":"publish","type":"post","link":"https:\/\/www.europesays.com\/se\/124942\/","title":{"rendered":"Bostadspriserna f\u00f6ll med 1,0 procent i december"},"content":{"rendered":"<p>&#13;<br \/>\n                        \u201c\u00c5ret avslutades med fallande bostadspriser, vilket \u00e4r normalt f\u00f6r en decemberm\u00e5nad. Tittar man i st\u00e4llet p\u00e5 den ber\u00e4knade underliggande trenden d\u00e4r normala s\u00e4songseffekter och andra tillf\u00e4lliga effekter rensats bort, ser utvecklingen lite starkare ut. M\u00e4tt p\u00e5 det s\u00e4ttet steg bostadspriserna med 0,1 procent i december. Samtidigt ser den tidigare upp\u00e5tg\u00e5ende trenden ut att ha mattats av\u201d, s\u00e4ger Robert Boije, chefsekonom p\u00e5 SBAB.<\/p>\n<p>Uppdelat p\u00e5 l\u00e4genheter och villor var prisutvecklingen under m\u00e5naden -0,7 respektive -1,1 procent.<\/p>\n<p>L\u00e4genhetspriserna sj\u00f6nk i tre av sex regioner, mest i Storstockholm och S\u00f6dra Sverige med -1,2 procent. Samtidigt steg de som mest i Norra Sverige med 2,0 procent.<\/p>\n<p>Villapriserna backade mest i Storstockholm med -3,4 procent. <\/p>\n<p>J\u00e4mf\u00f6rt med toppnoteringarna fr\u00e5n v\u00e5ren 2022 \u00e4r l\u00e4genhets- och villapriserna l\u00e4gre med 10 respektive 13 procent.<\/p>\n<p>\u201cAtt villapriserna fallit mer \u00e4n l\u00e4genhetspriserna sedan toppnoteringarna handlar troligen delvis om en korrigering av den stora prisuppg\u00e5ngen p\u00e5 villor fr\u00e5n pandemin d\u00e5 m\u00e5nga efterfr\u00e5gade st\u00f6rre bost\u00e4der f\u00f6r hemmajobb\u201d, s\u00e4ger Boije.<\/p>\n<p>Sammantaget inneb\u00e4r utvecklingen i december att bostadspriserna nu ligger p\u00e5 samma niv\u00e5 som vid \u00e5rsskiftet 2020\/21.&#13;\n                    <\/p>\n","protected":false},"excerpt":{"rendered":"&#13; \u201c\u00c5ret avslutades med fallande bostadspriser, vilket \u00e4r normalt f\u00f6r en decemberm\u00e5nad. Tittar man i st\u00e4llet p\u00e5 den&hellip;\n","protected":false},"author":2,"featured_media":124943,"comment_status":"","ping_status":"","sticky":false,"template":"","format":"standard","meta":{"footnotes":""},"categories":[65],"tags":[72,70,71,454,453,451,452,34,31,33,32,30,455],"class_list":{"0":"post-124942","1":"post","2":"type-post","3":"status-publish","4":"format-standard","5":"has-post-thumbnail","7":"category-ekonomi","8":"tag-business","9":"tag-economy","10":"tag-ekonomi","11":"tag-ekonomisk-analys","12":"tag-finans","13":"tag-finansiella-nyheter","14":"tag-investera","15":"tag-se","16":"tag-svenska","17":"tag-sverige","18":"tag-sweden","19":"tag-swedish","20":"tag-trading"},"share_on_mastodon":{"url":"https:\/\/pubeurope.com\/@se\/115834233980078993","error":""},"_links":{"self":[{"href":"https:\/\/www.europesays.com\/se\/wp-json\/wp\/v2\/posts\/124942","targetHints":{"allow":["GET"]}}],"collection":[{"href":"https:\/\/www.europesays.com\/se\/wp-json\/wp\/v2\/posts"}],"about":[{"href":"https:\/\/www.europesays.com\/se\/wp-json\/wp\/v2\/types\/post"}],"author":[{"embeddable":true,"href":"https:\/\/www.europesays.com\/se\/wp-json\/wp\/v2\/users\/2"}],"replies":[{"embeddable":true,"href":"https:\/\/www.europesays.com\/se\/wp-json\/wp\/v2\/comments?post=124942"}],"version-history":[{"count":0,"href":"https:\/\/www.europesays.com\/se\/wp-json\/wp\/v2\/posts\/124942\/revisions"}],"wp:featuredmedia":[{"embeddable":true,"href":"https:\/\/www.europesays.com\/se\/wp-json\/wp\/v2\/media\/124943"}],"wp:attachment":[{"href":"https:\/\/www.europesays.com\/se\/wp-json\/wp\/v2\/media?parent=124942"}],"wp:term":[{"taxonomy":"category","embeddable":true,"href":"https:\/\/www.europesays.com\/se\/wp-json\/wp\/v2\/categories?post=124942"},{"taxonomy":"post_tag","embeddable":true,"href":"https:\/\/www.europesays.com\/se\/wp-json\/wp\/v2\/tags?post=124942"}],"curies":[{"name":"wp","href":"https:\/\/api.w.org\/{rel}","templated":true}]}}