{"id":124946,"date":"2026-01-04T01:54:07","date_gmt":"2026-01-04T01:54:07","guid":{"rendered":"https:\/\/www.europesays.com\/se\/124946\/"},"modified":"2026-01-04T01:54:07","modified_gmt":"2026-01-04T01:54:07","slug":"melania-trumps-desperata-drag","status":"publish","type":"post","link":"https:\/\/www.europesays.com\/se\/124946\/","title":{"rendered":"Melania Trumps \u201ddesperata\u201d drag"},"content":{"rendered":"<p>Publicerad 3 jan 2026 kl 22.36Uppdaterad 4 jan kl 02.29<\/p>\n<p>F\u00f6rfattaren och journalisten Michael Wolff st\u00e4mmer Melania Trump.<\/p>\n<p>Men presidentfrun f\u00f6rs\u00f6ker \u201ddra ut p\u00e5 tiden\u201d genom att anlita nya advokater och str\u00e4va efter att ta \u00e4rendet till federal domstol, enligt Wolff.<\/p>\n<p>Melanias drag beskrivs som \u201ddesperat\u201d av <a href=\"https:\/\/www.thedailybeast.com\/melania-trump-tries-desperate-new-tactic-in-bombshell-epstein-suit\/\" rel=\"nofollow noopener\" target=\"_blank\">Daily Beast<\/a>.<\/p>\n<p>Senaste klippen om Trump-administrationen.<img   alt=\"\"\/><\/p>\n<p>Melania Trump.<\/p>\n<p>Foto: SHAWN THEW \/ EPA<\/p>\n<p>\u00d6ppna bild i helsk\u00e4rm<\/p>\n<p><a href=\"https:\/\/www.expressen.se\/tagg\/person\/melania-trump\/\" class=\"\" rel=\"nofollow noopener\" target=\"_blank\">Melania Trump<\/a> har hotat att st\u00e4mma f\u00f6rfattaren och journalisten Michael Wolff p\u00e5 \u00f6ver en miljard dollar. I oktober svarade han med att st\u00e4mma presidentfrun och anklaga henne f\u00f6r att utf\u00f6ra en attack p\u00e5 det fria ordet och f\u00f6r att f\u00f6rs\u00f6ka stoppa \u201dlegitim granskning\u201d av Epstein-aff\u00e4ren.<\/p>\n<p>Men Wolff har ber\u00e4ttat att han haft sv\u00e5rt att delge st\u00e4mningen till Trump.\u00a0<\/p>\n<p>Nu har Trump anlitat nya advokater och beg\u00e4rt att en domare ska flytta \u00e4rendet till det federala domstolssystemet, ett drag som Wolff menar syftar till att f\u00f6rdr\u00f6ja processen ytterligare.<\/p>\n<p>Wolff menar att detta tyder p\u00e5 \u201doro\u201d i Trumps l\u00e4ger kring fallet.<\/p>\n<p>\u2013 Det h\u00e4r \u00e4r vad Trump alltid g\u00f6r. Anlitar en ny advokatbyr\u00e5, st\u00e4ller fr\u00e5gor senare, s\u00e4ger Wolff.<\/p>\n<p>\u201dHon kan inte l\u00e5ta detta ske\u201d<\/p>\n<p>Han menar att \u201dden omedelbara orsaken till bytet av advokatbyr\u00e5 och f\u00f6rs\u00f6ket att flytta \u00e4rendet till federal domstol\u201d kan vara att Melania Trump \u00e4r \u201ds\u00e4rskilt orolig\u201d f\u00f6r den r\u00e4tt att kalla till f\u00f6rh\u00f6r som han f\u00e5r. Enligt hans mening \u00e4r detta ett f\u00f6rs\u00f6k att f\u00f6rhindra honom fr\u00e5n att f\u00f6rh\u00f6ra henne om Jeffrey Epstein.<\/p>\n<p>\u2013 Hon kan inte l\u00e5ta detta ske. S\u00e5 hennes alternativ \u00e4r att dra ut p\u00e5 tiden, vilket de s\u00e4kert kommer f\u00f6rs\u00f6ka. De kommer anv\u00e4nda alla f\u00f6rhalningstaktiker, s\u00e4ger Wolff.<\/p>\n<p>En talesperson f\u00f6r Melania Trumps juridiska team anklagade Wolff f\u00f6r \u201dillvilliga, \u00e4rekr\u00e4nkande och falska p\u00e5st\u00e5enden\u201d.<\/p>\n<p>\u2013 Michael Wolff \u00e4r en notorisk l\u00f6gnare, s\u00e4ger talespersonen.<\/p>\n<p>Vita husets talesperson Steven Cheung har flera g\u00e5nger kallat Wolff f\u00f6r \u201den l\u00f6gnaktig skitst\u00f6vel\u201d.<\/p>\n","protected":false},"excerpt":{"rendered":"Publicerad 3 jan 2026 kl 22.36Uppdaterad 4 jan kl 02.29 F\u00f6rfattaren och journalisten Michael Wolff st\u00e4mmer Melania Trump.&hellip;\n","protected":false},"author":2,"featured_media":124947,"comment_status":"","ping_status":"","sticky":false,"template":"","format":"standard","meta":{"footnotes":""},"categories":[5],"tags":[22,23,26,27,17,21,24,25,28,29,15,16,197,18,34,55,31,33,32,30,19,20],"class_list":{"0":"post-124946","1":"post","2":"type-post","3":"status-publish","4":"format-standard","5":"has-post-thumbnail","7":"category-rubriker","8":"tag-breaking-news","9":"tag-breakingnews","10":"tag-featured-news","11":"tag-featurednews","12":"tag-headlines","13":"tag-huvudnyheter","14":"tag-latest-news","15":"tag-latestnews","16":"tag-main-news","17":"tag-mainnews","18":"tag-news","19":"tag-nyheter","20":"tag-person-melania-trump","21":"tag-rubriker","22":"tag-se","23":"tag-sections-varlden","24":"tag-svenska","25":"tag-sverige","26":"tag-sweden","27":"tag-swedish","28":"tag-top-stories","29":"tag-topstories"},"share_on_mastodon":{"url":"https:\/\/pubeurope.com\/@se\/115834340165541061","error":""},"_links":{"self":[{"href":"https:\/\/www.europesays.com\/se\/wp-json\/wp\/v2\/posts\/124946","targetHints":{"allow":["GET"]}}],"collection":[{"href":"https:\/\/www.europesays.com\/se\/wp-json\/wp\/v2\/posts"}],"about":[{"href":"https:\/\/www.europesays.com\/se\/wp-json\/wp\/v2\/types\/post"}],"author":[{"embeddable":true,"href":"https:\/\/www.europesays.com\/se\/wp-json\/wp\/v2\/users\/2"}],"replies":[{"embeddable":true,"href":"https:\/\/www.europesays.com\/se\/wp-json\/wp\/v2\/comments?post=124946"}],"version-history":[{"count":0,"href":"https:\/\/www.europesays.com\/se\/wp-json\/wp\/v2\/posts\/124946\/revisions"}],"wp:featuredmedia":[{"embeddable":true,"href":"https:\/\/www.europesays.com\/se\/wp-json\/wp\/v2\/media\/124947"}],"wp:attachment":[{"href":"https:\/\/www.europesays.com\/se\/wp-json\/wp\/v2\/media?parent=124946"}],"wp:term":[{"taxonomy":"category","embeddable":true,"href":"https:\/\/www.europesays.com\/se\/wp-json\/wp\/v2\/categories?post=124946"},{"taxonomy":"post_tag","embeddable":true,"href":"https:\/\/www.europesays.com\/se\/wp-json\/wp\/v2\/tags?post=124946"}],"curies":[{"name":"wp","href":"https:\/\/api.w.org\/{rel}","templated":true}]}}