{"id":124948,"date":"2026-01-04T02:02:14","date_gmt":"2026-01-04T02:02:14","guid":{"rendered":"https:\/\/www.europesays.com\/se\/124948\/"},"modified":"2026-01-04T02:02:14","modified_gmt":"2026-01-04T02:02:14","slug":"linkoping-hcs-jakub-vrana-far-matchstraff-mot-malmo","status":"publish","type":"post","link":"https:\/\/www.europesays.com\/se\/124948\/","title":{"rendered":"Link\u00f6ping HC:s Jakub Vrana f\u00e5r matchstraff mot Malm\u00f6"},"content":{"rendered":"<p><strong>NHL-hemv\u00e4ndaren Jakub Vrana \u00e5kte f\u00f6rst p\u00e5 en 2+2-utvisning.<br \/>Efter att Malm\u00f6 gjort 5\u20130 i det numer\u00e4ra \u00f6verl\u00e4get \u00e5kte han ut och br\u00e5kade igen.<br \/>D\u00e5 fick han matchstraff.<\/strong><br \/><strong>Efter en m\u00e5ll\u00f6s sista period vann Malm\u00f6 till slut med samma siffror.<\/strong><\/p>\n<p><img loading=\"lazy\" decoding=\"async\" width=\"1024\" height=\"658\" src=\"https:\/\/www.europesays.com\/se\/wp-content\/uploads\/2026\/01\/Split-Screen-3.3-1024x658.webp.webp\" alt=\"\" class=\"wp-image-341448\"  \/>Jakub Vranas m\u00e4rkliga utbrott \u2013 efter utvisningen.<br \/>\nFoto: Bildbyr\u00e5n<\/p>\n<p>Inledningen var ganska intets\u00e4gande fr\u00e5n b\u00e5da lagen, med ett litet \u00f6vertag f\u00f6r bortalaget i Sk\u00e5ne. Men det var i slutsekunderna av den f\u00f6rsta perioden som Axel Sundberg skulle ge Malm\u00f6 ett f\u00f6rl\u00f6sande ledningsm\u00e5l i powerplay. <\/p>\n<p>\u2013 Det var ett v\u00e4ldigt v\u00e4l fungerande boxplay, konstaterade i TV4 om l\u00e4get innan m\u00e5let.<\/p>\n<p>I den andra perioden var det j\u00e4mnt \u2013 tills Malm\u00f6 lyckades g\u00f6ra tre m\u00e5l p\u00e5 blott fyra minuter. Topi Niemel\u00e4, <a href=\"https:\/\/hockeysverige.se\/spelare\/janne-kuokkanen\" rel=\"nofollow noopener\" target=\"_blank\">Janne Kuokkanen<\/a> och <a href=\"https:\/\/hockeysverige.se\/spelare\/linus-oberg\" rel=\"nofollow noopener\" target=\"_blank\">Linus \u00d6berg <\/a>slog till och den v\u00e4lfyllda arenan i Malm\u00f6 fick jubla flera g\u00e5nger om.<\/p>\n<p>\u2013 Link\u00f6ping kollapsar, slog kommentatorn Peter Backe fast i TV4.<\/p>\n<p>Walltteri Ingatjew fick l\u00e4mna kassen f\u00f6r LHC \u2013\u00a0och in kom i st\u00e4llet <a href=\"https:\/\/hockeysverige.se\/spelare\/jesper-myrenberg\" rel=\"nofollow noopener\" target=\"_blank\">Jesper Myrenberg<\/a>.<\/p>\n<p>Stj\u00e4rnans hj\u00e4rnsl\u00e4pp <\/p>\n<p>Efter\u00e5t uppstod en situation som gjorde att <a href=\"https:\/\/hockeysverige.se\/spelare\/jakub-vrana\" rel=\"nofollow noopener\" target=\"_blank\">Jakub Vrana<\/a> fick s\u00e4tta sig i 2+2 minuter, f\u00f6r b\u00e5de crosschecking och osportslighet. Ett rapp i ryggen och sedan ett rej\u00e4lt utbrott l\u00e5g till grund f\u00f6r det beslutet.<\/p>\n<p>Efter 3 minuters konstant tryck fick Malm\u00f6 utdelning till 5\u20130 genom Janne Kuokkanen. D\u00e5 visade det sig att Jakub Vrana \u00e5terigen skulle starta en diskussion med domarna, och d\u00e5 fick han ett matchstraff.<\/p>\n<p>Till slut vann Malm\u00f6 med 5\u20130 efter en m\u00e5ll\u00f6s sista period. Med det bef\u00e4ster klubben sin plats i topp sex. Femman har spelat in 52 po\u00e4ng och har sju po\u00e4ng ned till <a href=\"https:\/\/hockeysverige.se\/klubb\/timra-ik\" rel=\"nofollow noopener\" target=\"_blank\">Timr\u00e5<\/a> p\u00e5 plats sju.<\/p>\n","protected":false},"excerpt":{"rendered":"NHL-hemv\u00e4ndaren Jakub Vrana \u00e5kte f\u00f6rst p\u00e5 en 2+2-utvisning.Efter att Malm\u00f6 gjort 5\u20130 i det numer\u00e4ra \u00f6verl\u00e4get \u00e5kte han&hellip;\n","protected":false},"author":2,"featured_media":124949,"comment_status":"","ping_status":"","sticky":false,"template":"","format":"standard","meta":{"footnotes":""},"categories":[5],"tags":[22,23,26,27,17,21,24,25,28,29,15,16,18,34,133,134,31,33,32,30,19,20],"class_list":{"0":"post-124948","1":"post","2":"type-post","3":"status-publish","4":"format-standard","5":"has-post-thumbnail","7":"category-rubriker","8":"tag-breaking-news","9":"tag-breakingnews","10":"tag-featured-news","11":"tag-featurednews","12":"tag-headlines","13":"tag-huvudnyheter","14":"tag-latest-news","15":"tag-latestnews","16":"tag-main-news","17":"tag-mainnews","18":"tag-news","19":"tag-nyheter","20":"tag-rubriker","21":"tag-se","22":"tag-second-news","23":"tag-shl","24":"tag-svenska","25":"tag-sverige","26":"tag-sweden","27":"tag-swedish","28":"tag-top-stories","29":"tag-topstories"},"share_on_mastodon":{"url":"https:\/\/pubeurope.com\/@se\/115834371632736625","error":""},"_links":{"self":[{"href":"https:\/\/www.europesays.com\/se\/wp-json\/wp\/v2\/posts\/124948","targetHints":{"allow":["GET"]}}],"collection":[{"href":"https:\/\/www.europesays.com\/se\/wp-json\/wp\/v2\/posts"}],"about":[{"href":"https:\/\/www.europesays.com\/se\/wp-json\/wp\/v2\/types\/post"}],"author":[{"embeddable":true,"href":"https:\/\/www.europesays.com\/se\/wp-json\/wp\/v2\/users\/2"}],"replies":[{"embeddable":true,"href":"https:\/\/www.europesays.com\/se\/wp-json\/wp\/v2\/comments?post=124948"}],"version-history":[{"count":0,"href":"https:\/\/www.europesays.com\/se\/wp-json\/wp\/v2\/posts\/124948\/revisions"}],"wp:featuredmedia":[{"embeddable":true,"href":"https:\/\/www.europesays.com\/se\/wp-json\/wp\/v2\/media\/124949"}],"wp:attachment":[{"href":"https:\/\/www.europesays.com\/se\/wp-json\/wp\/v2\/media?parent=124948"}],"wp:term":[{"taxonomy":"category","embeddable":true,"href":"https:\/\/www.europesays.com\/se\/wp-json\/wp\/v2\/categories?post=124948"},{"taxonomy":"post_tag","embeddable":true,"href":"https:\/\/www.europesays.com\/se\/wp-json\/wp\/v2\/tags?post=124948"}],"curies":[{"name":"wp","href":"https:\/\/api.w.org\/{rel}","templated":true}]}}