{"id":124950,"date":"2026-01-04T02:24:10","date_gmt":"2026-01-04T02:24:10","guid":{"rendered":"https:\/\/www.europesays.com\/se\/124950\/"},"modified":"2026-01-04T02:24:10","modified_gmt":"2026-01-04T02:24:10","slug":"gotlandsbolaget-forsokte-smita-fran-hundratals-miljoner-i-skatt","status":"publish","type":"post","link":"https:\/\/www.europesays.com\/se\/124950\/","title":{"rendered":"Gotlandsbolaget f\u00f6rs\u00f6kte smita fr\u00e5n hundratals miljoner i skatt"},"content":{"rendered":"<p>12 000 underskrifter har under h\u00f6sten samlats ihop i protest mot h\u00f6ga priser p\u00e5 Destination Gotlands f\u00e4rjor, som har monopol p\u00e5 str\u00e4ckan Visby-Nyn\u00e4shamn. Samtidigt har Gotlandsbolaget, rederiet som sk\u00f6ter turerna, f\u00f6rs\u00f6kt slippa betala 320 miljoner kronor i skatt.<\/p>\n<p>\u2013 Det \u00e4r ov\u00e4rdigt att ett s\u00e5dant bolag anv\u00e4nder systemet f\u00f6r skatteplanering, s\u00e4ger regionr\u00e5det Meit Fohlin (S).<\/p>\n","protected":false},"excerpt":{"rendered":"12 000 underskrifter har under h\u00f6sten samlats ihop i protest mot h\u00f6ga priser p\u00e5 Destination Gotlands f\u00e4rjor, som&hellip;\n","protected":false},"author":2,"featured_media":124951,"comment_status":"","ping_status":"","sticky":false,"template":"","format":"standard","meta":{"footnotes":""},"categories":[14],"tags":[22,23,26,27,17,21,24,25,28,29,15,16,18,34,31,33,32,30,19,20,51,52,53,54],"class_list":{"0":"post-124950","1":"post","2":"type-post","3":"status-publish","4":"format-standard","5":"has-post-thumbnail","7":"category-varlden","8":"tag-breaking-news","9":"tag-breakingnews","10":"tag-featured-news","11":"tag-featurednews","12":"tag-headlines","13":"tag-huvudnyheter","14":"tag-latest-news","15":"tag-latestnews","16":"tag-main-news","17":"tag-mainnews","18":"tag-news","19":"tag-nyheter","20":"tag-rubriker","21":"tag-se","22":"tag-svenska","23":"tag-sverige","24":"tag-sweden","25":"tag-swedish","26":"tag-top-stories","27":"tag-topstories","28":"tag-varlden","29":"tag-world","30":"tag-world-news","31":"tag-worldnews"},"share_on_mastodon":{"url":"https:\/\/pubeurope.com\/@se\/115834458122111448","error":""},"_links":{"self":[{"href":"https:\/\/www.europesays.com\/se\/wp-json\/wp\/v2\/posts\/124950","targetHints":{"allow":["GET"]}}],"collection":[{"href":"https:\/\/www.europesays.com\/se\/wp-json\/wp\/v2\/posts"}],"about":[{"href":"https:\/\/www.europesays.com\/se\/wp-json\/wp\/v2\/types\/post"}],"author":[{"embeddable":true,"href":"https:\/\/www.europesays.com\/se\/wp-json\/wp\/v2\/users\/2"}],"replies":[{"embeddable":true,"href":"https:\/\/www.europesays.com\/se\/wp-json\/wp\/v2\/comments?post=124950"}],"version-history":[{"count":0,"href":"https:\/\/www.europesays.com\/se\/wp-json\/wp\/v2\/posts\/124950\/revisions"}],"wp:featuredmedia":[{"embeddable":true,"href":"https:\/\/www.europesays.com\/se\/wp-json\/wp\/v2\/media\/124951"}],"wp:attachment":[{"href":"https:\/\/www.europesays.com\/se\/wp-json\/wp\/v2\/media?parent=124950"}],"wp:term":[{"taxonomy":"category","embeddable":true,"href":"https:\/\/www.europesays.com\/se\/wp-json\/wp\/v2\/categories?post=124950"},{"taxonomy":"post_tag","embeddable":true,"href":"https:\/\/www.europesays.com\/se\/wp-json\/wp\/v2\/tags?post=124950"}],"curies":[{"name":"wp","href":"https:\/\/api.w.org\/{rel}","templated":true}]}}