{"id":124954,"date":"2026-01-04T02:44:08","date_gmt":"2026-01-04T02:44:08","guid":{"rendered":"https:\/\/www.europesays.com\/se\/124954\/"},"modified":"2026-01-04T02:44:08","modified_gmt":"2026-01-04T02:44:08","slug":"vi-vill-vara-med-men-tar-oss-ingenstans","status":"publish","type":"post","link":"https:\/\/www.europesays.com\/se\/124954\/","title":{"rendered":"Vi vill vara med men tar oss ingenstans"},"content":{"rendered":"<p>Vi boende i en gruppbostad i Skellefte\u00e5 \u00e4r missn\u00f6jda med kommunen. De har dragit in busskort och f\u00e4rdtj\u00e4nst f\u00f6r vissa av oss. Det f\u00e5r till f\u00f6ljd att vi inte kan ta oss till erbjudna aktiviteter inom Tisdagsklubben.\u00a0<\/p>\n<p>Personalen f\u00e5r inte skjutsa oss i sina privata bilar och ej heller i kommunbilarna. Vad ska vi g\u00f6ra? Kulturhuset \u00e4r inte till f\u00f6r alla. Vi har inte r\u00e5d att g\u00e5 p\u00e5 n\u00e5got evenemang. Inom Daglig verksamhet tj\u00e4nar vi s\u00e5 d\u00e5ligt att det \u00e4r helt om\u00f6jligt. Vi vill veta varf\u00f6r det har blivit s\u00e5 h\u00e4r!<\/p>\n<p><strong>Boende i en gruppbostad i Skellefte\u00e5 Kommun<\/strong><\/p>\n<p class=\"vignette\">Svar direkt:<\/p>\n<p>Det \u00e4r lite sv\u00e5rt att svara p\u00e5 era fr\u00e5gor d\u00e5 vi inte k\u00e4nner till hela bakgrunden. Men Skellefte\u00e5 kommun har inte dragit in n\u00e5gra tillst\u00e5nd om f\u00e4rdtj\u00e4nst. Eventuellt kan det handla om att ett tillst\u00e5nd g\u00e5tt ut och vid en nyans\u00f6kan om tillst\u00e5nd f\u00f6r f\u00e4rdtj\u00e4nst har det blivit avslag. Alla beslut om f\u00e4rdtj\u00e4nst kan \u00f6verklagas till f\u00f6rvaltningsdomstolen.<\/p>\n<p>Busskorten f\u00f6r f\u00e4rdtj\u00e4nstber\u00e4ttigade var en f\u00f6rs\u00f6ksverksamhet som avslutades 2019-12-31 efter beslut av kommunfullm\u00e4ktige.<\/p>\n<p>N\u00e4r det g\u00e4ller aktiviteter som anordnas av en verksamhet \u00e4r det verksamheten som ska bekosta resan, d\u00e5 \u00e4r det inte f\u00e4rdtj\u00e4nst.\u00a0<br \/>Ta g\u00e4rna kontakt med oss via kundtj\u00e4nst om era fr\u00e5gor kvarst\u00e5r.\u00a0<\/p>\n<p><strong>Eva-Maria Bj\u00f6rk, Chef Avgifter &amp; F\u00e4rdtj\u00e4nst<\/strong><\/p>\n","protected":false},"excerpt":{"rendered":"Vi boende i en gruppbostad i Skellefte\u00e5 \u00e4r missn\u00f6jda med kommunen. De har dragit in busskort och f\u00e4rdtj\u00e4nst&hellip;\n","protected":false},"author":2,"featured_media":124955,"comment_status":"","ping_status":"","sticky":false,"template":"","format":"standard","meta":{"footnotes":""},"categories":[68],"tags":[34,111,110,31,33,32,30],"class_list":{"0":"post-124954","1":"post","2":"type-post","3":"status-publish","4":"format-standard","5":"has-post-thumbnail","7":"category-sport","8":"tag-se","9":"tag-sport","10":"tag-sports","11":"tag-svenska","12":"tag-sverige","13":"tag-sweden","14":"tag-swedish"},"share_on_mastodon":{"url":"https:\/\/pubeurope.com\/@se\/115834536740352233","error":""},"_links":{"self":[{"href":"https:\/\/www.europesays.com\/se\/wp-json\/wp\/v2\/posts\/124954","targetHints":{"allow":["GET"]}}],"collection":[{"href":"https:\/\/www.europesays.com\/se\/wp-json\/wp\/v2\/posts"}],"about":[{"href":"https:\/\/www.europesays.com\/se\/wp-json\/wp\/v2\/types\/post"}],"author":[{"embeddable":true,"href":"https:\/\/www.europesays.com\/se\/wp-json\/wp\/v2\/users\/2"}],"replies":[{"embeddable":true,"href":"https:\/\/www.europesays.com\/se\/wp-json\/wp\/v2\/comments?post=124954"}],"version-history":[{"count":0,"href":"https:\/\/www.europesays.com\/se\/wp-json\/wp\/v2\/posts\/124954\/revisions"}],"wp:featuredmedia":[{"embeddable":true,"href":"https:\/\/www.europesays.com\/se\/wp-json\/wp\/v2\/media\/124955"}],"wp:attachment":[{"href":"https:\/\/www.europesays.com\/se\/wp-json\/wp\/v2\/media?parent=124954"}],"wp:term":[{"taxonomy":"category","embeddable":true,"href":"https:\/\/www.europesays.com\/se\/wp-json\/wp\/v2\/categories?post=124954"},{"taxonomy":"post_tag","embeddable":true,"href":"https:\/\/www.europesays.com\/se\/wp-json\/wp\/v2\/tags?post=124954"}],"curies":[{"name":"wp","href":"https:\/\/api.w.org\/{rel}","templated":true}]}}