{"id":124956,"date":"2026-01-04T02:53:34","date_gmt":"2026-01-04T02:53:34","guid":{"rendered":"https:\/\/www.europesays.com\/se\/124956\/"},"modified":"2026-01-04T02:53:34","modified_gmt":"2026-01-04T02:53:34","slug":"damlejonens-os-trupp-spikad-fyra-pwhl-spelare-med-hufvudstadsbladet","status":"publish","type":"post","link":"https:\/\/www.europesays.com\/se\/124956\/","title":{"rendered":"Damlejonens OS-trupp spikad \u2013 fyra PWHL-spelare med &#8211; Hufvudstadsbladet"},"content":{"rendered":"<ol>\n<li><a href=\"https:\/\/news.google.com\/rss\/articles\/CBMihwFBVV95cUxOMWg2WHlDb2l2UlVFaUM0eEVnOW9WVkc4MEVaRDQyMUVIRmJvV3BGZ2doR0dyS1I0bzRuaVV6WkROSlNEakZEWXVnQnk3RS1qZThnM3FSWGNQTnFnOWM1YnQyenJNSm9UUmhaYzRnNTlPZTUwY1NSY3BQZ2lZaTFiLWhMYUZyQms?oc=5\" target=\"_blank\" rel=\"nofollow noopener\">Damlejonens OS-trupp spikad \u2013 fyra PWHL-spelare med<\/a>&nbsp;&nbsp;Hufvudstadsbladet<\/li>\n<li><a href=\"https:\/\/news.google.com\/rss\/articles\/CBMilgFBVV95cUxQYUJ4eHN0X29XRkFjN0dObEFhNzdRcWpyVUkxcW14aFRkWVZSRWw3b3c2YmpKYlZUdVd5WG9DcDgtb0x5bGhqa21YZkR2SXpwRWdDNXJVX0tZb2JFRVIySHNLZUQxMXU3b0txVzJPaEZHWU9GOVp5WFNaQ2Jnc19IWlRwUWRXblR6cnYwMGEzNzV0Nmt5eWc?oc=5\" target=\"_blank\" rel=\"nofollow noopener\">Skellefte\u00e5 AIK-stj\u00e4rnan f\u00e5r OS-plats: \u201dSv\u00e5rt att h\u00e5lla hemligt\u201d<\/a>&nbsp;&nbsp;Norran<\/li>\n<li><a href=\"https:\/\/news.google.com\/rss\/articles\/CBMihgFBVV95cUxQWFhUa2xYd3h1Y3prY2cybGlkOXZ4YldIaDdBZXFqQ3NFZXR1R0RYV0VtOGNNOE1mR0daMGxBV1A5aE1NNS16SzRBcUhFREhDZXNEMjJURWdOQ2hVNWdHUVJNV2d0RTdob3dGbHBhVnRyeExpQlFNRjR3cWowQzJ6d29XV3l1Zw?oc=5\" target=\"_blank\" rel=\"nofollow noopener\">Finlands sm\u00e4ll: Aleksander Barkov missar OS<\/a>&nbsp;&nbsp;Sveriges Radio<\/li>\n<li><a href=\"https:\/\/news.google.com\/rss\/articles\/CBMiQEFVX3lxTE9Qc1RJZVVXQi0tUW0xeVVPcGZTUjZCSF9FNVM1cFg0b0FnZ1lmRlZFcThfeEphWnJiUVViWnJmMGk?oc=5\" target=\"_blank\" rel=\"nofollow noopener\">H\u00e4r \u00e4r Lejontruppen till vinter-OS \u2013 sex nya spelare j\u00e4mf\u00f6rt med Four Nations<\/a>&nbsp;&nbsp;Yle<\/li>\n<li><a href=\"https:\/\/news.google.com\/rss\/articles\/CBMihgFBVV95cUxOSWlxVmtZQmVKWHVLRXFIN1lva1A3c3J3TzNLTm5HRW1iZ1hDQUtyYkNBOXljR0p4cXEwOUdOa2lCN0RJVzdrVy1SYjA5TkxyamdsV3NlT19sa1VmY0puNkQ1a3A0QWxlUHhSNHVmYTFDQkl4R0MtbkxPUXd2bkJCRFV1NGJZUQ?oc=5\" target=\"_blank\" rel=\"nofollow noopener\">Finlands trupp till Vinter-OS i Milano Cortina 2026<\/a>&nbsp;&nbsp;NHL.com<\/li>\n<\/ol>\n","protected":false},"excerpt":{"rendered":"Damlejonens OS-trupp spikad \u2013 fyra PWHL-spelare med&nbsp;&nbsp;Hufvudstadsbladet Skellefte\u00e5 AIK-stj\u00e4rnan f\u00e5r OS-plats: \u201dSv\u00e5rt att h\u00e5lla hemligt\u201d&nbsp;&nbsp;Norran Finlands sm\u00e4ll: Aleksander&hellip;\n","protected":false},"author":2,"featured_media":124957,"comment_status":"","ping_status":"","sticky":false,"template":"","format":"standard","meta":{"footnotes":""},"categories":[68],"tags":[34,111,110,31,33,32,30],"class_list":{"0":"post-124956","1":"post","2":"type-post","3":"status-publish","4":"format-standard","5":"has-post-thumbnail","7":"category-sport","8":"tag-se","9":"tag-sport","10":"tag-sports","11":"tag-svenska","12":"tag-sverige","13":"tag-sweden","14":"tag-swedish"},"share_on_mastodon":{"url":"https:\/\/pubeurope.com\/@se\/115834572127249801","error":""},"_links":{"self":[{"href":"https:\/\/www.europesays.com\/se\/wp-json\/wp\/v2\/posts\/124956","targetHints":{"allow":["GET"]}}],"collection":[{"href":"https:\/\/www.europesays.com\/se\/wp-json\/wp\/v2\/posts"}],"about":[{"href":"https:\/\/www.europesays.com\/se\/wp-json\/wp\/v2\/types\/post"}],"author":[{"embeddable":true,"href":"https:\/\/www.europesays.com\/se\/wp-json\/wp\/v2\/users\/2"}],"replies":[{"embeddable":true,"href":"https:\/\/www.europesays.com\/se\/wp-json\/wp\/v2\/comments?post=124956"}],"version-history":[{"count":0,"href":"https:\/\/www.europesays.com\/se\/wp-json\/wp\/v2\/posts\/124956\/revisions"}],"wp:featuredmedia":[{"embeddable":true,"href":"https:\/\/www.europesays.com\/se\/wp-json\/wp\/v2\/media\/124957"}],"wp:attachment":[{"href":"https:\/\/www.europesays.com\/se\/wp-json\/wp\/v2\/media?parent=124956"}],"wp:term":[{"taxonomy":"category","embeddable":true,"href":"https:\/\/www.europesays.com\/se\/wp-json\/wp\/v2\/categories?post=124956"},{"taxonomy":"post_tag","embeddable":true,"href":"https:\/\/www.europesays.com\/se\/wp-json\/wp\/v2\/tags?post=124956"}],"curies":[{"name":"wp","href":"https:\/\/api.w.org\/{rel}","templated":true}]}}