{"id":124958,"date":"2026-01-04T03:01:21","date_gmt":"2026-01-04T03:01:21","guid":{"rendered":"https:\/\/www.europesays.com\/se\/124958\/"},"modified":"2026-01-04T03:01:21","modified_gmt":"2026-01-04T03:01:21","slug":"foretagen-som-ar-nya-i-skelleftea-konsultforetag-ett-av-dem-vasterbottens-kuriren","status":"publish","type":"post","link":"https:\/\/www.europesays.com\/se\/124958\/","title":{"rendered":"F\u00f6retagen som \u00e4r nya i Skellefte\u00e5 &#8211; konsultf\u00f6retag ett av dem &#8211; V\u00e4sterbottens-Kuriren"},"content":{"rendered":"<ol>\n<li><a href=\"https:\/\/news.google.com\/rss\/articles\/CBMimgFBVV95cUxPQTIyQTRQanhrOVR6cTAtRVFfR2w5UVdjNzkxWV95c3pkcU1QeWxGdzhlZHllQmEyRmVtQnQ0Z3p2dG9rOERqelNQaUFCdHM5dTlkRFpjSnhRSW1hX2J5ZmQzRWRDWVR1dXhaOGhpREF1NGdnblp2UWdHS2UwSGNUU2JncFRBejlBTUY2Z1lSVEo3VTdGUXZYUGtB?oc=5\" target=\"_blank\" rel=\"nofollow noopener\">F\u00f6retagen som \u00e4r nya i Skellefte\u00e5 &#8211; konsultf\u00f6retag ett av dem<\/a>&nbsp;&nbsp;V\u00e4sterbottens-Kuriren<\/li>\n<li><a href=\"https:\/\/news.google.com\/rss\/articles\/CBMivwFBVV95cUxPZkRpcXFReG5lR3VKbzRCWkJrX2QzSEZpV1hlRm5JNVVEb0xrMnV3cTVVbkpLb20wVHFqdWVhcWVvY0dEUGlUSzU1a3gwT05zUnN3T09WV0wwVjRIYlhIMzJmLU5ydUY5dnR2YlB3LUZxOVdEWGVBU1JhMWtoYmJTQjYzUWdhOXJuQmM4bDIyNVlaek5pWk1HMi1TWnlSRm5aR2hfU1dCd2dabU9zb0FiY0tFYS1FZlFkZkNGelBQcw?oc=5\" target=\"_blank\" rel=\"nofollow noopener\">LISTA: Flera nya f\u00f6retag i Norranomr\u00e5det \u2013 fastigheter och fiske<\/a>&nbsp;&nbsp;Norran<\/li>\n<li><a href=\"https:\/\/news.google.com\/rss\/articles\/CBMimAFBVV95cUxPOTNvZWNIbWNSd2NWYnllUU9JVHQ4emF3M3I4SEFoaFJqQnNCZkJCV1E1WVc0b21FVFJxc2FxaDlPTW80TGh5QVpWREN5d21ZZFJQS3ZSQnU4SE5oMnMySEotVk42YlA5WFpySTl6cjRlN3Q0M3VqTWN6eGVEMVJLdno1MlY3YmlZbDJTemp4WUVqcU1zbjZFYg?oc=5\" target=\"_blank\" rel=\"nofollow noopener\">Hela listan: H\u00e4r \u00e4r de nya f\u00f6retagen i Skellefte\u00e5<\/a>&nbsp;&nbsp;V\u00e4sterbottens Mellanbygd<\/li>\n<li><a href=\"https:\/\/news.google.com\/rss\/articles\/CBMiqAFBVV95cUxNS2dZb0MwdWlTZ1RkRktSQlNIdE5NT2JEY1gwZ3o0TTh0dGkyS19lTVZhTXRhT0JUQUcyM2Jhd0FNX3NNSE16d0NCSU5mUVFCMVNqeFpwWjFaZjZpbmt3dGk3R0phS2pVSHB0V25PekFQcU5FbXVQZFMwam9PenI5Uk9DZ0N6dHNVSmNSUUFTMElaTzVsTGFlM2M5UXFvYzEtenJaNGVfT0E?oc=5\" target=\"_blank\" rel=\"nofollow noopener\">Nytt konsultf\u00f6retag startar i Skellefte\u00e5<\/a>&nbsp;&nbsp;Norran<\/li>\n<li><a href=\"https:\/\/news.google.com\/rss\/articles\/CBMitgFBVV95cUxPQnlYeGQyQUNnOTVkN1BvYVpGZXdNLXBTbWZxdFlVY0hCdFhSTXFEejNMWHI1Ry1sXzNCT2xkMXVJWXFmQUFXTWtVcHUwSmxlWDZaWGloakdHNGZ6cm1rT1diaS1fZmdDdmM2LTlJRG1UUi1RT1JnazFWUk80Mkx3dXdpYk5lbUs3MzlhQlBDZlF2amhKYnZzN2piekNtZ3kwQlVWM0kxelVmczZqYjBsSDRyLW9oQQ?oc=5\" target=\"_blank\" rel=\"nofollow noopener\">29-\u00e5ring startar nytt investmentbolag i Skellefte\u00e5<\/a>&nbsp;&nbsp;Norran<\/li>\n<\/ol>\n","protected":false},"excerpt":{"rendered":"F\u00f6retagen som \u00e4r nya i Skellefte\u00e5 &#8211; konsultf\u00f6retag ett av dem&nbsp;&nbsp;V\u00e4sterbottens-Kuriren LISTA: Flera nya f\u00f6retag i Norranomr\u00e5det \u2013&hellip;\n","protected":false},"author":2,"featured_media":124959,"comment_status":"","ping_status":"","sticky":false,"template":"","format":"standard","meta":{"footnotes":""},"categories":[68],"tags":[34,111,110,31,33,32,30],"class_list":{"0":"post-124958","1":"post","2":"type-post","3":"status-publish","4":"format-standard","5":"has-post-thumbnail","7":"category-sport","8":"tag-se","9":"tag-sport","10":"tag-sports","11":"tag-svenska","12":"tag-sverige","13":"tag-sweden","14":"tag-swedish"},"share_on_mastodon":{"url":"https:\/\/pubeurope.com\/@se\/115834603669530256","error":""},"_links":{"self":[{"href":"https:\/\/www.europesays.com\/se\/wp-json\/wp\/v2\/posts\/124958","targetHints":{"allow":["GET"]}}],"collection":[{"href":"https:\/\/www.europesays.com\/se\/wp-json\/wp\/v2\/posts"}],"about":[{"href":"https:\/\/www.europesays.com\/se\/wp-json\/wp\/v2\/types\/post"}],"author":[{"embeddable":true,"href":"https:\/\/www.europesays.com\/se\/wp-json\/wp\/v2\/users\/2"}],"replies":[{"embeddable":true,"href":"https:\/\/www.europesays.com\/se\/wp-json\/wp\/v2\/comments?post=124958"}],"version-history":[{"count":0,"href":"https:\/\/www.europesays.com\/se\/wp-json\/wp\/v2\/posts\/124958\/revisions"}],"wp:featuredmedia":[{"embeddable":true,"href":"https:\/\/www.europesays.com\/se\/wp-json\/wp\/v2\/media\/124959"}],"wp:attachment":[{"href":"https:\/\/www.europesays.com\/se\/wp-json\/wp\/v2\/media?parent=124958"}],"wp:term":[{"taxonomy":"category","embeddable":true,"href":"https:\/\/www.europesays.com\/se\/wp-json\/wp\/v2\/categories?post=124958"},{"taxonomy":"post_tag","embeddable":true,"href":"https:\/\/www.europesays.com\/se\/wp-json\/wp\/v2\/tags?post=124958"}],"curies":[{"name":"wp","href":"https:\/\/api.w.org\/{rel}","templated":true}]}}