{"id":124960,"date":"2026-01-04T03:09:09","date_gmt":"2026-01-04T03:09:09","guid":{"rendered":"https:\/\/www.europesays.com\/se\/124960\/"},"modified":"2026-01-04T03:09:09","modified_gmt":"2026-01-04T03:09:09","slug":"ett-lag-i-motvind-far-inte-sadana-beslut-med-sig-smalanningen","status":"publish","type":"post","link":"https:\/\/www.europesays.com\/se\/124960\/","title":{"rendered":"Ett lag i motvind f\u00e5r inte s\u00e5dana beslut med sig \u2013 Sm\u00e5l\u00e4nningen"},"content":{"rendered":"<p>Troja var p\u00e5 v\u00e4g att resa sig. Ist\u00e4llet f\u00f6rst\u00f6rdes kv\u00e4llen i slutsekunderna.<\/p>\n<p>Det h\u00e4r \u00e4r en kr\u00f6nika.Analys och v\u00e4rderingar \u00e4r skribentens egna.<\/p>\n<p><img loading=\"lazy\" decoding=\"async\" width=\"980\" height=\"551\" class=\"article-image article-image--featured\" alt=\"Vilgot Holm ligger ner och ser p\u00e5 n\u00e4r lagkamraterna ropar p\u00e5 domaren. Beslutet blev godk\u00e4nt m\u00e5l.\" src=\"https:\/\/www.europesays.com\/se\/wp-content\/uploads\/2026\/01\/bd9112dc-006c-499e-8b79-aa0509d1da00.jpeg\"  \/><a class=\"article__lightbox-link\" href=\"https:\/\/static.bonniernews.se\/ba\/bd9112dc-006c-499e-8b79-aa0509d1da00.jpeg?crop=6000%2C3375%2Cx0%2Cy313&amp;width=1400&amp;format=pjpg&amp;auto=avif\" data-pswp-width=\"1400\" data-pswp-height=\"788\" data-pswp-caption=\"Vilgot Holm ligger ner och ser p\u00e5 n\u00e4r lagkamraterna ropar p\u00e5 domaren. Beslutet blev godk\u00e4nt m\u00e5l. Bild: Simon Nyman\" data-pswp- rel=\"nofollow noopener\" target=\"_blank\">\u00d6ppna bild i helsk\u00e4rmsl\u00e4ge<\/a><\/p>\n<p class=\"txt-style-muted\" aria-hidden=\"true\">Vilgot Holm ligger ner och ser p\u00e5 n\u00e4r lagkamraterna ropar p\u00e5 domaren. Beslutet blev godk\u00e4nt m\u00e5l.<\/p>\n<p class=\"article__figcaption-attribution txt-style-muted\">Bild: Simon Nyman<\/p>\n<p>Drygt 20 timmar efter storf\u00f6rlusten mot Kalmar var ett faktum stod Troja redo f\u00f6r nedsl\u00e4pp i SP Arena. G\u00e4sterna \u00d6stersund hade med sig en 5\u20132-seger mot Almtuna i ryggen och var nog sugna p\u00e5 att bli n\u00e4sta lag att sl\u00e5 undan benen p\u00e5 Troja.<\/p>\n<p>K\u00e4nslan inf\u00f6r matchen var, i alla fall fr\u00e5n undertecknad, att det h\u00e4r skulle bli antingen seger eller \u00e4nnu en storf\u00f6rlust d\u00e4r allt var avgjort efter 40 minuter. N\u00e5gon hedersam f\u00f6rlust var det inte tal om. Trodde jag.<\/p>\n<p>Det tog bara 2.37 innan f\u00f6rsta m\u00e5let kom. F\u00f6ga f\u00f6rv\u00e5nande var det \u00d6stersund som tog ledningen. Efter lite h\u00f6nsg\u00e5rd i f\u00f6rsvaret dundrade Oskar Wahlberg in 0\u20131, och folk b\u00f6rjade vrida p\u00e5 sig. <\/p>\n<p>Ist\u00e4llet f\u00f6r att vika ner sig verkade m\u00e5let fungera som en ordentlig v\u00e4ckarklocka. Efter 0\u20131 spelade Troja upp sig rej\u00e4lt och tog \u00f6ver matchen. 1\u20131 var v\u00e4lf\u00f6rtj\u00e4nt, och extra roligt var det att se Arvils Bergmanis hitta n\u00e4t fr\u00e5n distans. <\/p>\n<p aria-disabled=\"true\" class=\"ad__preamble ad-text txt-style-muted txt-ui txt-ui--strong txt-ui-2\">Annons<\/p>\n<p aria-disabled=\"true\" class=\"ad__preamble ad-text txt-style-muted txt-ui txt-ui--strong txt-ui-2\">Annons<\/p>\n<p>Den senaste tiden har ljusglimtarna varit f\u00e5. Otroligt f\u00e5. Men, Anton Gradins m\u00e5lskytte har smugit lite under radarn, f\u00f6r n\u00e4r nyf\u00f6rv\u00e4rvet gjorde 2\u20131 tidigt i den andra perioden var det hans sj\u00e4tte sedan han ansl\u00f6t till Troja. Viktigt, inte bara f\u00f6r honom utan f\u00f6r hela laget, och \u00e4ven f\u00f6r Tobias Johansson som plockat in b\u00e5de honom och Bergmanis. Ingen som vill sparka sportchefen ikv\u00e4ll, eller?<\/p>\n<p>Efter ledningsm\u00e5let var det fram och tillbaka. Vilgot Holm fick b\u00e5de jobba och se ramen r\u00e4dda honom. Allan McShane var tillbaka i truppen och kom fri med m\u00e5lvakten men sk\u00f6t utanf\u00f6r. Pucken studsade i sargen och ut till Albin Nilsson som prickade n\u00e4t, men p\u00e5 fel sida.<\/p>\n<p>2\u20131 stod sig perioden ut. Med 20 minuter kvar hade Troja trepo\u00e4ngaren i handen. De var p\u00e5 v\u00e4g att bryta en sex matcher l\u00e5ng f\u00f6rlustsvit. Kunde de h\u00e5lla ut?<\/p>\n<p aria-disabled=\"true\" class=\"ad__preamble ad-text txt-style-muted txt-ui txt-ui--strong txt-ui-2\">Annons<\/p>\n<p>Tredje perioden var inte direkt n\u00e5gon uppvisning fr\u00e5n n\u00e5got av lagen. \u00d6stersund k\u00e4ndes sega, Troja likas\u00e5. Troligtvis var det en cocktail av sen match ig\u00e5r, sex raka f\u00f6rluster och en l\u00e5ng resa fr\u00e5n Uppsala till Ljungby i sn\u00f6ov\u00e4der f\u00f6r \u00d6stersund som gjorde att det inte riktigt bj\u00f6ds upp till dans.<\/p>\n<p aria-disabled=\"true\" class=\"ad__preamble ad-text txt-style-muted txt-ui txt-ui--strong txt-ui-2\">Annons<\/p>\n<p>Linus Skager hade chanser att avg\u00f6ra, men tog inte dem. Ist\u00e4llet kom kallduschen. Ett lag i medvind har flyt. Ett lag i motvind f\u00e5r allt som oftast ingenting med sig.<\/p>\n<p>Jag s\u00e4ger inte vad som \u00e4r r\u00e4tt eller fel. Jag \u00e4r ingen domare. Men n\u00e4r Vilgot Holm, utan klubba, blockeras av motst\u00e5ndare i m\u00e5lg\u00e5rden samtidigt som pucken letar sig in i ett \u00f6ppet m\u00e5l med 15 sekunder kvar av den tredje perioden\u2026 Ja, d\u00e5 trodde i alla fall inte jag att domarna skulle d\u00f6ma m\u00e5l.<\/p>\n<p>Men m\u00e5l, det d\u00f6mde man. Och k\u00e4nslor, de visades. Alla var tokiga, och argast var nog Calle Ehrnberg som slog klubban i b\u00e5skanten och visades ut. Troja fick inleda \u00f6vertiden med en man mindre, vilket blev f\u00f6r\u00f6dande.<\/p>\n<p>24 sekunder in i f\u00f6rl\u00e4ngningen gjorde \u00d6stersund det avg\u00f6rande m\u00e5let och det som s\u00e5g ut att bli en sk\u00f6n l\u00f6rdagskv\u00e4ll f\u00f6rst\u00f6rdes p\u00e5 bara n\u00e5gra sekunder. En po\u00e4ng \u00e4r alltid en po\u00e4ng, men den \u00e4r n\u00e4stan v\u00e4rd noll en kv\u00e4ll som denna.<\/p>\n<p>Matchfakta<\/p>\n<p><strong>IF Troja-Ljungby \u2013 \u00d6stersunds IK 2\u20133 (1\u20131, 1\u20130, 0\u20131, 0\u20131)<\/strong><\/p>\n<p><strong>F\u00f6rsta perioden:<\/strong> 0\u20131 (2.37) Oskar Wahlberg (Isak Garfve), 1\u20131 (11.12) Arvils Bergmanis (Jonathan Wikstr\u00f6m)<\/p>\n<p><strong>Andra perioden:<\/strong> 2\u20131 (3.52) Anton Gradin (Filip Forsmark, Zachary Wytinck)<\/p>\n<p><strong>Tredje perioden:<\/strong> 2\u20132 (19.45) Anton Klint (Albert Sj\u00f6berg, Daniel \u00d6hrn)<\/p>\n<p><strong>F\u00f6rl\u00e4ngning:<\/strong> 2\u20133 (4.24) Oskar Wahlberg (Oliver Kanderg\u00e5rd, Daniel \u00d6hrn) spel fyra mot tre<\/p>\n<p><strong>Skott:<\/strong> 27\u201324<\/p>\n<p><strong>Utv, IF Troja-Ljungby:<\/strong> 2\u00d72 min. <strong>\u00d6stersunds IK:<\/strong> 2\u00d72 min.<\/p>\n<p><strong>Domare:<\/strong> Robin Forslund, Robin Jacobsson<\/p>\n<p><strong>Publik:<\/strong> 1 469<\/p>\n<p><img decoding=\"async\" width=\"640\" height=\"427\" class=\"article-image article-image--unbound\" alt=\"Jubel efter avg\u00f6randet.\" src=\"https:\/\/www.europesays.com\/se\/wp-content\/uploads\/2026\/01\/a74a9aec-90ff-430d-84bd-70327e081f24.jpeg\"   loading=\"lazy\"\/><a class=\"article__lightbox-link\" href=\"https:\/\/static.bonniernews.se\/ba\/a74a9aec-90ff-430d-84bd-70327e081f24.jpeg?width=1400&amp;format=pjpg&amp;auto=avif\" data-pswp-width=\"1400\" data-pswp-height=\"933\" data-pswp-caption=\"Jubel efter avg\u00f6randet. Bild: Simon Nyman\" data-pswp- rel=\"nofollow noopener\" target=\"_blank\">\u00d6ppna bild i helsk\u00e4rmsl\u00e4ge<\/a><\/p>\n<p class=\"txt-style-muted\" aria-hidden=\"true\">Jubel efter avg\u00f6randet.<\/p>\n<p class=\"article__figcaption-attribution txt-style-muted\">Bild: Simon Nyman<\/p>\n","protected":false},"excerpt":{"rendered":"Troja var p\u00e5 v\u00e4g att resa sig. Ist\u00e4llet f\u00f6rst\u00f6rdes kv\u00e4llen i slutsekunderna. Det h\u00e4r \u00e4r en kr\u00f6nika.Analys och&hellip;\n","protected":false},"author":2,"featured_media":124961,"comment_status":"","ping_status":"","sticky":false,"template":"","format":"standard","meta":{"footnotes":""},"categories":[68],"tags":[34,111,110,31,33,32,30],"class_list":{"0":"post-124960","1":"post","2":"type-post","3":"status-publish","4":"format-standard","5":"has-post-thumbnail","7":"category-sport","8":"tag-se","9":"tag-sport","10":"tag-sports","11":"tag-svenska","12":"tag-sverige","13":"tag-sweden","14":"tag-swedish"},"share_on_mastodon":{"url":"https:\/\/pubeurope.com\/@se\/115834635109796126","error":""},"_links":{"self":[{"href":"https:\/\/www.europesays.com\/se\/wp-json\/wp\/v2\/posts\/124960","targetHints":{"allow":["GET"]}}],"collection":[{"href":"https:\/\/www.europesays.com\/se\/wp-json\/wp\/v2\/posts"}],"about":[{"href":"https:\/\/www.europesays.com\/se\/wp-json\/wp\/v2\/types\/post"}],"author":[{"embeddable":true,"href":"https:\/\/www.europesays.com\/se\/wp-json\/wp\/v2\/users\/2"}],"replies":[{"embeddable":true,"href":"https:\/\/www.europesays.com\/se\/wp-json\/wp\/v2\/comments?post=124960"}],"version-history":[{"count":0,"href":"https:\/\/www.europesays.com\/se\/wp-json\/wp\/v2\/posts\/124960\/revisions"}],"wp:featuredmedia":[{"embeddable":true,"href":"https:\/\/www.europesays.com\/se\/wp-json\/wp\/v2\/media\/124961"}],"wp:attachment":[{"href":"https:\/\/www.europesays.com\/se\/wp-json\/wp\/v2\/media?parent=124960"}],"wp:term":[{"taxonomy":"category","embeddable":true,"href":"https:\/\/www.europesays.com\/se\/wp-json\/wp\/v2\/categories?post=124960"},{"taxonomy":"post_tag","embeddable":true,"href":"https:\/\/www.europesays.com\/se\/wp-json\/wp\/v2\/tags?post=124960"}],"curies":[{"name":"wp","href":"https:\/\/api.w.org\/{rel}","templated":true}]}}