{"id":124962,"date":"2026-01-04T03:14:14","date_gmt":"2026-01-04T03:14:14","guid":{"rendered":"https:\/\/www.europesays.com\/se\/124962\/"},"modified":"2026-01-04T03:14:14","modified_gmt":"2026-01-04T03:14:14","slug":"fragorna-polisenmaste-ge-svar-pa-fredrik-sjoshult","status":"publish","type":"post","link":"https:\/\/www.europesays.com\/se\/124962\/","title":{"rendered":"Fr\u00e5gorna polisen\nm\u00e5ste ge svar p\u00e5 | Fredrik Sj\u00f6shult"},"content":{"rendered":"<p>Varf\u00f6r dr\u00f6jde polisen i fyra timmar med att starta s\u00f6kinsatsen efter den f\u00f6rsvunna kvinnan i R\u00f6nninge?<\/p>\n<p>\u00c4r det rimligt att familjen ska g\u00f6ra de avg\u00f6rande fynden i s\u00f6kandet?<\/p>\n<p>Borde Vilma Andersson gripits direkt n\u00e4r han blev misst\u00e4nkt?<\/p>\n<p>Svaren \u00e4r inte givna tycker jag.<\/p>\n<p><img   alt=\"\"\/>\u00d6ppna bild i helsk\u00e4rm<\/p>\n<p>Detta \u00e4r en kommenterande text. Analys och st\u00e4llningstaganden \u00e4r skribentens.<\/p>\n<p><img   alt=\"\"\/>Fredrik Sj\u00f6shult<\/p>\n<p>Polisinsatsen efter R\u00f6nningemordet har v\u00e4ckt en del fr\u00e5gor som det finns sk\u00e4l f\u00f6r polisen att besvara. Hittills har fr\u00e5gorna m\u00f6tts med tystnad och d\u00e4rf\u00f6r tycker jag att det finns sk\u00e4l att s\u00e4tta fokus p\u00e5 tv\u00e5 delar av insatsen.<\/p>\n<p>Pappan h\u00f6rde av sig till polisen vid tio-tiden p\u00e5 annandagen efter att dottern inte kommit hem till R\u00f6nninge. Hon var p\u00e5 tillf\u00e4lligt bes\u00f6k hemma hos f\u00f6r\u00e4ldrarna under julhelgen och hade varit ute i centrala Stockholm under natten.<\/p>\n<p>Polisen skickade ingen polispatrull till R\u00f6nninge efter pappans samtal. Familjens oro var dock s\u00e5 stor att de gick promenadv\u00e4gen mellan hemmet och pendelt\u00e5gsstationen \u2013 och d\u00e5 gjordes fynden som i ett slag f\u00f6r\u00e4ndrade allt: Kvinnans h\u00f6rlurar, buntband som s\u00e5g ut att ha satts ihop till handf\u00e4ngsel och en mindre sl\u00e4gga hittades p\u00e5 platsen.<\/p>\n<p>Klockan hade passerat tv\u00e5 p\u00e5 eftermiddagen och efter att pappan p\u00e5 nytt ringt till polisen drogs polisinsatsen i g\u00e5ng med misstankar om att kvinnan var kidnappad.<\/p>\n<p><strong>F\u00f6rlorade polisen v\u00e4rdefull tid i jakten p\u00e5 g\u00e4rningsmannen?<\/strong><\/p>\n<p><strong>Levde kvinnan fortfarande under annandagen?<\/strong><\/p>\n<p><strong>Det \u00e4r ohyggliga fr\u00e5gor som m\u00e5ste redas ut.<\/strong><\/p>\n<p>Internt inom polisen h\u00f6r jag att det finns tvekan om att detta har g\u00e5tt r\u00e4tt till.<\/p>\n<p>Bland annat har det p\u00e5pekats f\u00f6r mig att rikspolischefen Petra Lundh framh\u00e4ver att polisen i kampen mot g\u00e4ngv\u00e5ldet numera agerar direkt n\u00e4r ett barn rymmer fr\u00e5n ett ungdomshem.<\/p>\n<p><strong>Fr\u00e5gan som nu st\u00e4lls internt \u00e4r varf\u00f6r inte polisen agerar lika resolut n\u00e4r en kvinna f\u00f6rsvinner.<\/strong><\/p>\n<p>\u00c5 andra sidan \u00e4r det inte k\u00e4nt vad pappan ville n\u00e4r han ringde polisen vid tio-tiden \u2013 handlade det bara om han ville ha r\u00e5d?<\/p>\n<p>Och \u00e4ven om vi nu sitter med facit i hand om hur det slutade g\u00e5r det inte att bortse fr\u00e5n att det vid tio-tiden p\u00e5 annandagen handlade om ett samtal om en 25 \u00e5r gammal kvinna som sedan l\u00e4nge stod p\u00e5 egna ben.<\/p>\n<p><img loading=\"lazy\"   alt=\"\"\/><\/p>\n<p>Vilma Andersson jobbade som lastbilschauff\u00f6r.<\/p>\n<p>Foto: Privat<\/p>\n<p>\u00d6ppna bild i helsk\u00e4rm<img loading=\"lazy\"   alt=\"\"\/> <\/p>\n<p>Foto: Privat<\/p>\n<p>\u00d6ppna bild i helsk\u00e4rm<img loading=\"lazy\"   alt=\"\"\/>\u00d6ppna bild i helsk\u00e4rm<\/p>\n<p>Fynden som familjen gjort skickades direkt p\u00e5 kriminalteknisk analys d\u00e4r dna-sp\u00e5r och fingeravtryck gjorde att <a href=\"https:\/\/www.expressen.se\/tagg\/person\/vilma-andersson\/\" class=\"\" rel=\"nofollow noopener\" target=\"_blank\">Vilma Andersson<\/a> kunde identifieras som misst\u00e4nkt redan morgonen efter. \u00c5klagare fattade klockan 10.36 beslut om han skulle anh\u00e5llas i sin fr\u00e5nvaro.<\/p>\n<p>Ett s\u00e5dant beslut inneb\u00e4r dock inte per automat att en misst\u00e4nkt ska gripas direkt.<\/p>\n<p><strong>I p\u00e5g\u00e5ende polisinsatser kan det finnas sk\u00e4l att avvakta med ett ingripande.<\/strong><\/p>\n<p><strong>Om husrannsakan g\u00f6rs direkt kan personen f\u00f6rst\u00e5 att han \u00e4r efters\u00f6kt och g\u00f6mma sig av det sk\u00e4let.<\/strong><\/p>\n<p><strong>Det kan ocks\u00e5 finnas sk\u00e4l att v\u00e4nta f\u00f6r att samla in mer bevisning genom att den efterlyste beg\u00e5r misstag som kan f\u00e5ngas upp i telefonavlyssning eller spaning.<\/strong><\/p>\n<p>Annons<\/p>\n<p><strong>Om det handlar om ett misst\u00e4nkt mord d\u00e4r kroppen saknas kan det finnas hopp om att en \u00f6vervakad misst\u00e4nkt leder polisen till den.<\/strong><\/p>\n<p>Vilma Andersson arbetade som vanligt under dagen n\u00e4r han var anh\u00e5llen i sin fr\u00e5nvaro. Han transporterade bland annat mat till restauranger i centrala Stockholm. Polisen hade spaning mot honom under arbetsdagen och d\u00e5 kan han inte aktivt fortsatt med sitt brottsliga handlande.<\/p>\n<p>Jag utg\u00e5r ocks\u00e5 fr\u00e5n att platser med koppling till honom kontrollerades. Hans bostad var exempelvis relativt enkel att se in i.<\/p>\n<p>N\u00e4r han fram\u00e5t kv\u00e4llen slutat sitt arbete f\u00f6ljdes han av en massiv spaningsinsats. Det slutade med att kunde gripas n\u00e4r han var i f\u00e4rd med att g\u00f6ra sig av med kvinnans kropp.<\/p>\n<p>Trots allt detta g\u00e5r det inte att helt fj\u00e4rma sig fr\u00e5n tanken att kvinnan fortfarande var vid liv under dagen n\u00e4r spaningen p\u00e5gick. Jag tror inte det. Jag utg\u00e5r fr\u00e5n att mordet skedde under annandagen och att kvinnan var d\u00f6d n\u00e4r Vilma Andersson gick till jobbet och att hans plan var att efter det hantera kroppen.<\/p>\n<p>Men fr\u00e5gorna m\u00e5ste besvaras.<\/p>\n<p>Polis och \u00e5klagare m\u00e5ste s\u00e5 snart det \u00e4r m\u00f6jligt r\u00e4ta ut de fr\u00e5getecken som finns kring h\u00e4ndelsef\u00f6rloppet.<\/p>\n<p><strong>L\u00c4S MER: <\/strong><a href=\"https:\/\/www.expressen.se\/nyheter\/sverige\/uppgifter-vilma-andersson-slog--till-gick-till-jobbet-nasta-dag\/\" class=\"\" rel=\"nofollow noopener\" target=\"_blank\">Uppgifter: Vilma Andersson slog  till \u2013 gick till jobbet n\u00e4sta dag<\/a><strong>L\u00c4S MER: <\/strong><a href=\"https:\/\/www.expressen.se\/nyheter\/sverige\/drabbade-familjen-i-salem-sprid-inte-bilder\/\" class=\"\" rel=\"nofollow noopener\" target=\"_blank\">Drabbade familjen i Salem: &#8221;Sprid inte bilder&#8221;<\/a><\/p>\n","protected":false},"excerpt":{"rendered":"Varf\u00f6r dr\u00f6jde polisen i fyra timmar med att starta s\u00f6kinsatsen efter den f\u00f6rsvunna kvinnan i R\u00f6nninge? \u00c4r det&hellip;\n","protected":false},"author":2,"featured_media":124963,"comment_status":"","ping_status":"","sticky":false,"template":"","format":"standard","meta":{"footnotes":""},"categories":[12],"tags":[22,23,26,27,17,21,24,25,12658,28,29,15,12855,16,12888,18,34,1419,31,33,32,30,19,436,20],"class_list":{"0":"post-124962","1":"post","2":"type-post","3":"status-publish","4":"format-standard","5":"has-post-thumbnail","7":"category-sverige","8":"tag-breaking-news","9":"tag-breakingnews","10":"tag-featured-news","11":"tag-featurednews","12":"tag-headlines","13":"tag-huvudnyheter","14":"tag-latest-news","15":"tag-latestnews","16":"tag-location-ronninge","17":"tag-main-news","18":"tag-mainnews","19":"tag-news","20":"tag-newsstory-kvinna-mordad-i-ronninge","21":"tag-nyheter","22":"tag-person-vilma-andersson","23":"tag-rubriker","24":"tag-se","25":"tag-sections-fredriksjoshult","26":"tag-svenska","27":"tag-sverige","28":"tag-sweden","29":"tag-swedish","30":"tag-top-stories","31":"tag-topic-valdsbrott-mord","32":"tag-topstories"},"share_on_mastodon":{"url":"https:\/\/pubeurope.com\/@se\/115834654767653065","error":""},"_links":{"self":[{"href":"https:\/\/www.europesays.com\/se\/wp-json\/wp\/v2\/posts\/124962","targetHints":{"allow":["GET"]}}],"collection":[{"href":"https:\/\/www.europesays.com\/se\/wp-json\/wp\/v2\/posts"}],"about":[{"href":"https:\/\/www.europesays.com\/se\/wp-json\/wp\/v2\/types\/post"}],"author":[{"embeddable":true,"href":"https:\/\/www.europesays.com\/se\/wp-json\/wp\/v2\/users\/2"}],"replies":[{"embeddable":true,"href":"https:\/\/www.europesays.com\/se\/wp-json\/wp\/v2\/comments?post=124962"}],"version-history":[{"count":0,"href":"https:\/\/www.europesays.com\/se\/wp-json\/wp\/v2\/posts\/124962\/revisions"}],"wp:featuredmedia":[{"embeddable":true,"href":"https:\/\/www.europesays.com\/se\/wp-json\/wp\/v2\/media\/124963"}],"wp:attachment":[{"href":"https:\/\/www.europesays.com\/se\/wp-json\/wp\/v2\/media?parent=124962"}],"wp:term":[{"taxonomy":"category","embeddable":true,"href":"https:\/\/www.europesays.com\/se\/wp-json\/wp\/v2\/categories?post=124962"},{"taxonomy":"post_tag","embeddable":true,"href":"https:\/\/www.europesays.com\/se\/wp-json\/wp\/v2\/tags?post=124962"}],"curies":[{"name":"wp","href":"https:\/\/api.w.org\/{rel}","templated":true}]}}