{"id":124964,"date":"2026-01-04T03:22:33","date_gmt":"2026-01-04T03:22:33","guid":{"rendered":"https:\/\/www.europesays.com\/se\/124964\/"},"modified":"2026-01-04T03:22:33","modified_gmt":"2026-01-04T03:22:33","slug":"en-av-tre-unga-har-overvagt-att-lamna-stockholm","status":"publish","type":"post","link":"https:\/\/www.europesays.com\/se\/124964\/","title":{"rendered":"En av tre unga har \u00f6verv\u00e4gt att l\u00e4mna Stockholm"},"content":{"rendered":"<p>En av tre unga har \u00f6verv\u00e4gt att l\u00e4mna Stockholm p\u00e5 grund av problemen med att hitta en bostad. Det framg\u00e5r av en f\u00e4rsk rapport fr\u00e5n Stockholms Handelskammare, skriver SVT Nyheter. <\/p>\n<p>L\u00e5nga k\u00f6tider p\u00e5 uppemot tio \u00e5r och \u00f6kade krav f\u00f6r att k\u00f6pa en bostad \u00e4r n\u00e5gra orsaker bakom, enligt Stockholms Handelskammares vd Daniella Waldfogel. <\/p>\n<p>\u2013 Det h\u00e4r sl\u00e5r v\u00e4ldigt h\u00e5rt just mot unga personer, s\u00e4ger hon. <\/p>\n<p>Samtidigt \u00e4r bostadssituationen i huvudstaden inte en naturlag, s\u00e4ger hon och pekar p\u00e5 Helsingfors som f\u00f6rt en mer aktiv bostadspolitik och d\u00e4r g\u00e5r det att hitta en hyresbostad p\u00e5 som l\u00e4ngst ett par dagar. <\/p>\n<p>Omni \u00e4r politiskt obundna och oberoende. Vi str\u00e4var efter att ge fler perspektiv p\u00e5 nyheterna. Har du fr\u00e5gor eller synpunkter kring v\u00e5r rapportering? <a href=\"https:\/\/omni.se\/rapport-en-av-tre-unga-har-overvagt-att-lamna-stockholm\/a\/mailto:redaktion@omni.se\" class=\"ArticleActions_contactLink__W2F1M\" rel=\"nofollow noopener\" target=\"_blank\">Kontakta redaktionen<\/a><\/p>\n","protected":false},"excerpt":{"rendered":"En av tre unga har \u00f6verv\u00e4gt att l\u00e4mna Stockholm p\u00e5 grund av problemen med att hitta en bostad.&hellip;\n","protected":false},"author":2,"featured_media":124965,"comment_status":"","ping_status":"","sticky":false,"template":"","format":"standard","meta":{"footnotes":""},"categories":[12],"tags":[223,6452,22,23,26,27,17,21,24,25,28,29,15,16,349,18,34,258,127,31,33,32,30,19,20],"class_list":{"0":"post-124964","1":"post","2":"type-post","3":"status-publish","4":"format-standard","5":"has-post-thumbnail","7":"category-sverige","8":"tag-barn-unga","9":"tag-bostadspolitik","10":"tag-breaking-news","11":"tag-breakingnews","12":"tag-featured-news","13":"tag-featurednews","14":"tag-headlines","15":"tag-huvudnyheter","16":"tag-latest-news","17":"tag-latestnews","18":"tag-main-news","19":"tag-mainnews","20":"tag-news","21":"tag-nyheter","22":"tag-privatekonomi","23":"tag-rubriker","24":"tag-se","25":"tag-stockholm","26":"tag-stockholms-lan","27":"tag-svenska","28":"tag-sverige","29":"tag-sweden","30":"tag-swedish","31":"tag-top-stories","32":"tag-topstories"},"share_on_mastodon":{"url":"https:\/\/pubeurope.com\/@se\/115834686171548520","error":""},"_links":{"self":[{"href":"https:\/\/www.europesays.com\/se\/wp-json\/wp\/v2\/posts\/124964","targetHints":{"allow":["GET"]}}],"collection":[{"href":"https:\/\/www.europesays.com\/se\/wp-json\/wp\/v2\/posts"}],"about":[{"href":"https:\/\/www.europesays.com\/se\/wp-json\/wp\/v2\/types\/post"}],"author":[{"embeddable":true,"href":"https:\/\/www.europesays.com\/se\/wp-json\/wp\/v2\/users\/2"}],"replies":[{"embeddable":true,"href":"https:\/\/www.europesays.com\/se\/wp-json\/wp\/v2\/comments?post=124964"}],"version-history":[{"count":0,"href":"https:\/\/www.europesays.com\/se\/wp-json\/wp\/v2\/posts\/124964\/revisions"}],"wp:featuredmedia":[{"embeddable":true,"href":"https:\/\/www.europesays.com\/se\/wp-json\/wp\/v2\/media\/124965"}],"wp:attachment":[{"href":"https:\/\/www.europesays.com\/se\/wp-json\/wp\/v2\/media?parent=124964"}],"wp:term":[{"taxonomy":"category","embeddable":true,"href":"https:\/\/www.europesays.com\/se\/wp-json\/wp\/v2\/categories?post=124964"},{"taxonomy":"post_tag","embeddable":true,"href":"https:\/\/www.europesays.com\/se\/wp-json\/wp\/v2\/tags?post=124964"}],"curies":[{"name":"wp","href":"https:\/\/api.w.org\/{rel}","templated":true}]}}