{"id":125001,"date":"2026-01-04T05:46:10","date_gmt":"2026-01-04T05:46:10","guid":{"rendered":"https:\/\/www.europesays.com\/se\/125001\/"},"modified":"2026-01-04T05:46:10","modified_gmt":"2026-01-04T05:46:10","slug":"anton-heikkinen-ford-till-sjukhus-fick-klubba-i-ansiktet","status":"publish","type":"post","link":"https:\/\/www.europesays.com\/se\/125001\/","title":{"rendered":"Anton Heikkinen f\u00f6rd till sjukhus \u2013 fick klubba i ansiktet"},"content":{"rendered":"<p><strong>Anton Heikkinen \u00f6ppnade m\u00e5lskyttet f\u00f6r Timr\u00e5 mot Djurg\u00e5rden.<br \/>Senare i matchen fick han en klubba i ansiktstrakten \u2013 och f\u00f6rdes till sjukhus.<br \/>\u2013\u00a0Man fick en klump i magen, s\u00e4ger TV4-kommentatorn Adam Johansson i s\u00e4ndningen.<\/strong><\/p>\n<p><img loading=\"lazy\" decoding=\"async\" width=\"1024\" height=\"682\" src=\"https:\/\/www.europesays.com\/se\/wp-content\/uploads\/2026\/01\/BB260103ZK033-1024x682.webp.webp\" alt=\"\" class=\"wp-image-341494\"  \/>Timr\u00e5s Anton Heikkinen fick f\u00f6ras till sjukhus.<br \/>\nFoto: Mats Andersson \/ BILDBYR\u00c5N \/ COP 280 \/ MZ0119<\/p>\n<p>Skellefte\u00e5-f\u00f6rv\u00e4rvet Anton Heikkinen hade inf\u00f6r kv\u00e4llens match mellan Timr\u00e5 och Djurg\u00e5rden blott gjort tolv po\u00e4ng. Men p\u00e5 l\u00f6rdagen slog han till med 1\u20130 m\u00e5let i en match d\u00e4r Timr\u00e5 kollapsade sent och f\u00f6rlorade med 2\u20133. Dock var det inte i fokus efter matchen. F\u00f6r under matchen kom beskedet att Heikkinen hade f\u00e5tt f\u00f6ras till sjukhus, efter att ha f\u00e5tt Mathias-Emilio Pettersens klubba i ansiktstrakten.<\/p>\n<p>Anton Heikkinen blev liggandes p\u00e5 isen i den f\u00f6rsta perioden och tog sig sj\u00e4lv till b\u00e5set. Men det var tydligt att han hade ont och fick v\u00e5rd av ambulanspersonal p\u00e5 avbytarb\u00e4nken. Det blev inget mer spel i matchen.<\/p>\n<p>\u201dMan fick en klump i magen\u201d<\/p>\n<p>Det ber\u00e4ttade Tommy Samuelsson i periodpausen f\u00f6r TV4.<\/p>\n<p>Efter matchen ger kommentatorn f\u00f6r matchen, Adam Johansson, en uppdatering.<\/p>\n<p>\u2013\u00a0Det han hade f\u00e5tt d\u00e5 var att Heikkinen hade f\u00f6rts till sjukhus och inte var kvar i hallen. En olycklig situation. Man fick en klump i magen efter det som h\u00e4nde Hugo Gustafsson i V\u00e4xj\u00f6 som \u00e4r utanf\u00f6r spel p\u00e5 grund av en \u00f6gonskada, s\u00e4ger han.<\/p>\n<p>Timr\u00e5s uppdatering senare p\u00e5 l\u00f6rdagen g\u00f6r g\u00e4llande att man kan utesluta hj\u00e4rnskakning. Lagl\u00e4karen Christian Rydin konstaterar att Heikkinen fick klubba mot \u00f6gat och kommer att unders\u00f6kas p\u00e5 sjukhuset.<\/p>\n<p><a href=\"https:\/\/hockeysverige.se\/shl\/nyforvarvet-bakom-difs-galna-vandning-for-enkelt\/\" rel=\"nofollow noopener\" target=\"_blank\">Matchen vann Djurg\u00e5rden med 3\u20132, l\u00e4s mer om den h\u00e4r!<\/a><\/p>\n","protected":false},"excerpt":{"rendered":"Anton Heikkinen \u00f6ppnade m\u00e5lskyttet f\u00f6r Timr\u00e5 mot Djurg\u00e5rden.Senare i matchen fick han en klubba i ansiktstrakten \u2013 och&hellip;\n","protected":false},"author":2,"featured_media":125002,"comment_status":"","ping_status":"","sticky":false,"template":"","format":"standard","meta":{"footnotes":""},"categories":[68],"tags":[34,134,111,110,31,33,32,30,379],"class_list":{"0":"post-125001","1":"post","2":"type-post","3":"status-publish","4":"format-standard","5":"has-post-thumbnail","7":"category-sport","8":"tag-se","9":"tag-shl","10":"tag-sport","11":"tag-sports","12":"tag-svenska","13":"tag-sverige","14":"tag-sweden","15":"tag-swedish","16":"tag-top-article"},"share_on_mastodon":{"url":"https:\/\/pubeurope.com\/@se\/115835252601568863","error":""},"_links":{"self":[{"href":"https:\/\/www.europesays.com\/se\/wp-json\/wp\/v2\/posts\/125001","targetHints":{"allow":["GET"]}}],"collection":[{"href":"https:\/\/www.europesays.com\/se\/wp-json\/wp\/v2\/posts"}],"about":[{"href":"https:\/\/www.europesays.com\/se\/wp-json\/wp\/v2\/types\/post"}],"author":[{"embeddable":true,"href":"https:\/\/www.europesays.com\/se\/wp-json\/wp\/v2\/users\/2"}],"replies":[{"embeddable":true,"href":"https:\/\/www.europesays.com\/se\/wp-json\/wp\/v2\/comments?post=125001"}],"version-history":[{"count":0,"href":"https:\/\/www.europesays.com\/se\/wp-json\/wp\/v2\/posts\/125001\/revisions"}],"wp:featuredmedia":[{"embeddable":true,"href":"https:\/\/www.europesays.com\/se\/wp-json\/wp\/v2\/media\/125002"}],"wp:attachment":[{"href":"https:\/\/www.europesays.com\/se\/wp-json\/wp\/v2\/media?parent=125001"}],"wp:term":[{"taxonomy":"category","embeddable":true,"href":"https:\/\/www.europesays.com\/se\/wp-json\/wp\/v2\/categories?post=125001"},{"taxonomy":"post_tag","embeddable":true,"href":"https:\/\/www.europesays.com\/se\/wp-json\/wp\/v2\/tags?post=125001"}],"curies":[{"name":"wp","href":"https:\/\/api.w.org\/{rel}","templated":true}]}}