{"id":125003,"date":"2026-01-04T05:47:07","date_gmt":"2026-01-04T05:47:07","guid":{"rendered":"https:\/\/www.europesays.com\/se\/125003\/"},"modified":"2026-01-04T05:47:07","modified_gmt":"2026-01-04T05:47:07","slug":"kristin-kaspersens-dromkop-i-skargarden-nytt-aventyr","status":"publish","type":"post","link":"https:\/\/www.europesays.com\/se\/125003\/","title":{"rendered":"Kristin Kaspersens dr\u00f6mk\u00f6p i sk\u00e4rg\u00e5rden: \u201dNytt \u00e4ventyr\u201d"},"content":{"rendered":"<p>Publicerad 4 jan 2026 kl 06.30<\/p>\n<p>Efter ett tufft \u00e5r har Kristin Kaspersen uppfyllt en dr\u00f6m.<\/p>\n<p>Programledaren har k\u00f6pt en tomt i sk\u00e4rg\u00e5rden \u2013 och s\u00e5lt sin lyxl\u00e4genhet.<\/p>\n<p>\u201dJag g\u00f6r en stor f\u00f6r\u00e4ndring 2026\u201d, skriver Kaspersen, som nyligen f\u00f6rlorade sin pappa, p\u00e5 Instagram.<\/p>\n<p><img   alt=\"\"\/><\/p>\n<p>Kristin Kaspersen.<\/p>\n<p>Foto: Claudio Bresciani \/ TT NYHETSBYR\u00c5N<\/p>\n<p>\u00d6ppna bild i helsk\u00e4rm<img loading=\"lazy\"   alt=\"\"\/><\/p>\n<p>Kristians pappa Kjell Kaspersen gick bort i november i fjol.<\/p>\n<p>Foto: Karin T\u00f6rnblom \/ IBL<\/p>\n<p>\u00d6ppna bild i helsk\u00e4rm<\/p>\n<p><a href=\"https:\/\/www.expressen.se\/tagg\/person\/kristin-kaspersen\/\" class=\"\" rel=\"nofollow noopener\" target=\"_blank\">Kristin Kaspersen<\/a>, 56, f\u00f6rlorade sin mamma Lill-Babs 2018 och i november i fjol dog \u00e4ven hennes pappa Kjell Kaspersen.<\/p>\n<p>Programledaren v\u00e4xte upp i sk\u00e4rg\u00e5rdsmilj\u00f6 hos b\u00e5da sina f\u00f6r\u00e4ldrar \u2013 p\u00e5 en \u00f6 i Oslofjorden med pappa och i Saltsj\u00f6baden med sj\u00f6tomt med mamma.<\/p>\n<p>Uppfyller dr\u00f6mmen efter sorgen<\/p>\n<p>Hon har l\u00e4nge dr\u00f6mt om att skaffa ett eget st\u00e4lle i sk\u00e4rg\u00e5rden \u2013 och nu har hon slagit till.<\/p>\n<p><a href=\"https:\/\/www.inventyourself.se\/blog\/jag-gjorde-det-aret-da-min-drom-blir-verklighet\" rel=\"nofollow noopener\" target=\"_blank\">I ett blogginl\u00e4gg<\/a> avsl\u00f6jar 56-\u00e5ringen att hon har k\u00f6pt en tomt i Stockholms sk\u00e4rg\u00e5rd.<\/p>\n<p>\u201dJag gjorde det! Jag har f\u00f6ljt min dr\u00f6m och g\u00f6r en stor f\u00f6r\u00e4ndring 2026\u201d, skriver hon p\u00e5 Instagram.<\/p>\n<p><a href=\"https:\/\/www.instagram.com\/p\/DS439-mDGgw\/?hl=sv?hidecaption=true\" data-provider=\"instagram\" class=\"js-social-embed\" rel=\"nofollow noopener\" target=\"_blank\">https:\/\/www.instagram.com\/p\/DS439-mDGgw\/?hl=sv?hidecaption=true<\/a><\/p>\n<p>Nu v\u00e4ntar ett \u201dj\u00e4tteprojekt\u201d, enligt Kaspersen, d\u00e4r bland annat de sm\u00e5 husen p\u00e5 tomten ska rivas och ett nytt hus byggas.<\/p>\n<p>\u201dNu har b\u00e5da mina f\u00f6r\u00e4ldrar l\u00e4mnat det h\u00e4r livet. N\u00e4r jag nu f\u00f6rlorat dom b\u00e5da k\u00e4nns det \u00e4nnu viktigare och \u00e4nnu b\u00e4ttre att ett nytt \u00e4ventyr b\u00f6rjar. Jag ska bygga ett nytt nav f\u00f6r mig och min familj\u201d, skriver tv-profilen p\u00e5 bloggen.<\/p>\n<p>Har s\u00e5lt lyxl\u00e4genheten<\/p>\n<p>F\u00f6r att ha r\u00e5d att k\u00f6pa tomten beh\u00f6vde Kaspersen s\u00e4lja sin lyxl\u00e4genhet p\u00e5 \u00d6stermalm.\u00a0<\/p>\n<p>Under tiden det nya sk\u00e4rg\u00e5rdshuset f\u00e4rdigst\u00e4lls ska programledaren bo i en hyresl\u00e4genhet som hon fick tag p\u00e5 i sista stund, ber\u00e4ttar hon p\u00e5 bloggen.<\/p>\n<p><img loading=\"lazy\"   alt=\"\"\/><\/p>\n<p>Kristin Kaspersens l\u00e4genhet n\u00e4r den visades upp i \u201dH\u00e4r \u00e4r ditt kylsk\u00e5p\u201d.<\/p>\n<p>Foto: Max\/ Kanal 5<\/p>\n<p>\u00d6ppna bild i helsk\u00e4rm<img loading=\"lazy\"   alt=\"\"\/><\/p>\n<p>Kaspersen med sonen Filip Lamprecht och Tareq Taylor i programmet.<\/p>\n<p>Foto: Max\/ Kanal 5<\/p>\n<p>\u00d6ppna bild i helsk\u00e4rm<img loading=\"lazy\"   alt=\"\"\/><\/p>\n<p>Kristin Kaspersen har nu s\u00e5lt sin lyxl\u00e4genhet.<\/p>\n<p>Foto: Max\/ Kanal 5<\/p>\n<p>\u00d6ppna bild i helsk\u00e4rm<img loading=\"lazy\"   alt=\"\"\/><\/p>\n<p>L\u00e4genheten ligger p\u00e5 \u00d6stermalm i Stockholm.<\/p>\n<p>Foto: Max\/ Kanal 5<\/p>\n<p>\u00d6ppna bild i helsk\u00e4rm<\/p>\n<p>\u201dLite stress blev det allt n\u00e4r dagarna gick och inget boende till mig och sonen. Men jag lugnade mig med att &#8217;Allt \u00e4r som det ska&#8217; en del av \u00e4ventyret\u201d, skriver Kaspersen p\u00e5 bloggen.<\/p>\n<p>Tv-profilen ser nu fram emot att bygga sitt dr\u00f6mboende i sk\u00e4rg\u00e5rden.<\/p>\n<p>\u201dSorgen har drabbat mig h\u00e5rt men det blev ocks\u00e5 \u00e5ret d\u00e4r jag best\u00e4mde mig f\u00f6r att l\u00e5ta min dr\u00f6m bli verklighet, en tid f\u00f6r f\u00f6r\u00e4ndring och jag v\u00e5gade g\u00f6ra det. Jag sa JA!\u201d.<\/p>\n<p><script async src=\"\/\/www.instagram.com\/embed.js\"><\/script><\/p>\n","protected":false},"excerpt":{"rendered":"Publicerad 4 jan 2026 kl 06.30 Efter ett tufft \u00e5r har Kristin Kaspersen uppfyllt en dr\u00f6m. Programledaren har&hellip;\n","protected":false},"author":2,"featured_media":125004,"comment_status":"","ping_status":"","sticky":false,"template":"","format":"standard","meta":{"footnotes":""},"categories":[67],"tags":[104,1042,2240,34,31,33,32,30,310,105],"class_list":{"0":"post-125003","1":"post","2":"type-post","3":"status-publish","4":"format-standard","5":"has-post-thumbnail","7":"category-underhallning","8":"tag-entertainment","9":"tag-location-stockholms-skargard","10":"tag-person-kristin-kaspersen","11":"tag-se","12":"tag-svenska","13":"tag-sverige","14":"tag-sweden","15":"tag-swedish","16":"tag-topic-kandisar","17":"tag-underhallning"},"share_on_mastodon":{"url":"https:\/\/pubeurope.com\/@se\/115835256357091562","error":""},"_links":{"self":[{"href":"https:\/\/www.europesays.com\/se\/wp-json\/wp\/v2\/posts\/125003","targetHints":{"allow":["GET"]}}],"collection":[{"href":"https:\/\/www.europesays.com\/se\/wp-json\/wp\/v2\/posts"}],"about":[{"href":"https:\/\/www.europesays.com\/se\/wp-json\/wp\/v2\/types\/post"}],"author":[{"embeddable":true,"href":"https:\/\/www.europesays.com\/se\/wp-json\/wp\/v2\/users\/2"}],"replies":[{"embeddable":true,"href":"https:\/\/www.europesays.com\/se\/wp-json\/wp\/v2\/comments?post=125003"}],"version-history":[{"count":0,"href":"https:\/\/www.europesays.com\/se\/wp-json\/wp\/v2\/posts\/125003\/revisions"}],"wp:featuredmedia":[{"embeddable":true,"href":"https:\/\/www.europesays.com\/se\/wp-json\/wp\/v2\/media\/125004"}],"wp:attachment":[{"href":"https:\/\/www.europesays.com\/se\/wp-json\/wp\/v2\/media?parent=125003"}],"wp:term":[{"taxonomy":"category","embeddable":true,"href":"https:\/\/www.europesays.com\/se\/wp-json\/wp\/v2\/categories?post=125003"},{"taxonomy":"post_tag","embeddable":true,"href":"https:\/\/www.europesays.com\/se\/wp-json\/wp\/v2\/tags?post=125003"}],"curies":[{"name":"wp","href":"https:\/\/api.w.org\/{rel}","templated":true}]}}