{"id":12501,"date":"2025-08-24T13:20:32","date_gmt":"2025-08-24T13:20:32","guid":{"rendered":"https:\/\/www.europesays.com\/se\/12501\/"},"modified":"2025-08-24T13:20:32","modified_gmt":"2025-08-24T13:20:32","slug":"sparkar-fed-topp-om-hon-inte-avgar-sjalv","status":"publish","type":"post","link":"https:\/\/www.europesays.com\/se\/12501\/","title":{"rendered":"Sparkar Fed-topp om hon inte avg\u00e5r sj\u00e4lv"},"content":{"rendered":"<p>Donald Trump kommer att sparka Fed-guvern\u00f6ren Lisa Cook om hon inte avg\u00e5r, s\u00e4ger han till reportrar under fredagen. <\/p>\n<p>Det var i onsdags som Trump kr\u00e4vde Cooks avg\u00e5ng, med h\u00e4nvisning till en utredning om bol\u00e5nebedr\u00e4geri. <\/p>\n<p>Lisa Cook har tidigare svarat att hon inte t\u00e4nker l\u00e5ta sig mobbas till att avg\u00e5. <\/p>\n<p>Det \u00e4r enligt bed\u00f6mare oklart vilket mandat Trump har att tvinga bort Cook fr\u00e5n posten.<\/p>\n<p>Omni \u00e4r politiskt obundna och oberoende. Vi str\u00e4var efter att ge fler perspektiv p\u00e5 nyheterna. Har du fr\u00e5gor eller synpunkter kring v\u00e5r rapportering? <a href=\"https:\/\/omni.se\/trump-sparkar-cook-om-hon-inte-avgar\/a\/mailto:redaktion@omni.se\" class=\"ArticleActions_contactLink__W2F1M\" rel=\"nofollow noopener\" target=\"_blank\">Kontakta redaktionen<\/a><\/p>\n","protected":false},"excerpt":{"rendered":"Donald Trump kommer att sparka Fed-guvern\u00f6ren Lisa Cook om hon inte avg\u00e5r, s\u00e4ger han till reportrar under fredagen.&hellip;\n","protected":false},"author":2,"featured_media":12502,"comment_status":"","ping_status":"","sticky":false,"template":"","format":"standard","meta":{"footnotes":""},"categories":[65],"tags":[387,72,318,385,70,71,1725,268,325,34,31,33,32,30,74],"class_list":{"0":"post-12501","1":"post","2":"type-post","3":"status-publish","4":"format-standard","5":"has-post-thumbnail","7":"category-ekonomi","8":"tag-amerikansk-politik","9":"tag-business","10":"tag-centralbanker","11":"tag-donald-trump","12":"tag-economy","13":"tag-ekonomi","14":"tag-federal-reserve","15":"tag-nordamerika","16":"tag-penningpolitik","17":"tag-se","18":"tag-svenska","19":"tag-sverige","20":"tag-sweden","21":"tag-swedish","22":"tag-usa"},"share_on_mastodon":{"url":"","error":""},"_links":{"self":[{"href":"https:\/\/www.europesays.com\/se\/wp-json\/wp\/v2\/posts\/12501","targetHints":{"allow":["GET"]}}],"collection":[{"href":"https:\/\/www.europesays.com\/se\/wp-json\/wp\/v2\/posts"}],"about":[{"href":"https:\/\/www.europesays.com\/se\/wp-json\/wp\/v2\/types\/post"}],"author":[{"embeddable":true,"href":"https:\/\/www.europesays.com\/se\/wp-json\/wp\/v2\/users\/2"}],"replies":[{"embeddable":true,"href":"https:\/\/www.europesays.com\/se\/wp-json\/wp\/v2\/comments?post=12501"}],"version-history":[{"count":0,"href":"https:\/\/www.europesays.com\/se\/wp-json\/wp\/v2\/posts\/12501\/revisions"}],"wp:featuredmedia":[{"embeddable":true,"href":"https:\/\/www.europesays.com\/se\/wp-json\/wp\/v2\/media\/12502"}],"wp:attachment":[{"href":"https:\/\/www.europesays.com\/se\/wp-json\/wp\/v2\/media?parent=12501"}],"wp:term":[{"taxonomy":"category","embeddable":true,"href":"https:\/\/www.europesays.com\/se\/wp-json\/wp\/v2\/categories?post=12501"},{"taxonomy":"post_tag","embeddable":true,"href":"https:\/\/www.europesays.com\/se\/wp-json\/wp\/v2\/tags?post=12501"}],"curies":[{"name":"wp","href":"https:\/\/api.w.org\/{rel}","templated":true}]}}