{"id":125025,"date":"2026-01-04T06:25:05","date_gmt":"2026-01-04T06:25:05","guid":{"rendered":"https:\/\/www.europesays.com\/se\/125025\/"},"modified":"2026-01-04T06:25:05","modified_gmt":"2026-01-04T06:25:05","slug":"januari-arets-mest-brandtata-manad-bra-att-brandova-med-barnen-arvika-nyheter","status":"publish","type":"post","link":"https:\/\/www.europesays.com\/se\/125025\/","title":{"rendered":"Januari \u00e5rets mest brandt\u00e4ta m\u00e5nad: \u201dBra att brand\u00f6va med barnen\u201d &#8211; Arvika Nyheter"},"content":{"rendered":"<ol>\n<li><a href=\"https:\/\/news.google.com\/rss\/articles\/CBMirgFBVV95cUxPbWZENU9Nb0dQMjdUck5kdFZCNVlOZ3RCWTVMaHJDSjRTb0NvcFpGSmdlWFhEVlZHLVJsZWJHenhiTWVDQ2dGMlpDYVZ2Z2hDZU1kTW9UOWc5bktHQ2VnUm1Zcnl1M1Y0anY1ZDRnZ2FYQlpUQ3VlcF9IaUpjN0lhR2w5U1BSNFBJWlVRRkRnZWRuclR2dEJOekpWWTNTTUdDSy00SmhfNzdKSjN4NGc?oc=5\" target=\"_blank\" rel=\"nofollow noopener\">Januari \u00e5rets mest brandt\u00e4ta m\u00e5nad: \u201dBra att brand\u00f6va med barnen\u201d<\/a>&nbsp;&nbsp;Arvika Nyheter<\/li>\n<li><a href=\"https:\/\/news.google.com\/rss\/articles\/CBMitwFBVV95cUxPRGxzWXNwX1FyWmNqMkg1VzRFTjFiVThUb3JHdzVWTzlsMlh6UDRDaHVmaFNzSk8zUWRnS0VLWmNFTzJfTnV5TGZfRjBmUE5fcFhzWG5BYWRGa0R1aDE0am1pWE1PN1Uza1BsOEVmSWVKczZhY3lKMlhfZVJFVWFpRDNNMDBaTGlHOVRyMmhFcU5rVDlCOUZnUmloNVVFTU1EUmJRT0tXNXMwWFRzZ2xONmhVcl9IN1k?oc=5\" target=\"_blank\" rel=\"nofollow noopener\">Flest bostadsbr\u00e4nder i Sverige under december och januari \u2013 s\u00e5 \u00f6var du hemma<\/a>&nbsp;&nbsp;SVT Nyheter<\/li>\n<li><a href=\"https:\/\/news.google.com\/rss\/articles\/CBMijgFBVV95cUxNV29BbEZmbGszSGFqS1N6dlJETGdqb0F5QTRfUE5iWjRvUnpWRHVBOHA3dDR2RjNMM3F5eDlabTZZMHVYNURjUTlCNHhBRnZScWk0aXRDeVpwNzlLSDJIRWxWSEtGeXRJZ0NocnJQNHFZZGlrdzc2enVicl9McS02MUlianhYUUpTYkl0bktB?oc=5\" target=\"_blank\" rel=\"nofollow noopener\">Varning utf\u00e4rdad till svenska hush\u00e5ll \u2013 p\u00e5 trettondagsafton<\/a>&nbsp;&nbsp;Marcus Oscarsson<\/li>\n<li><a href=\"https:\/\/news.google.com\/rss\/articles\/CBMirgFBVV95cUxNNEU5TU1pS19MYkQxc2tQQkdsQ21oNEdKUHllRWV5NlpTSGJ0ODhaYVNLdzhVanNNSW5qUzlVYnp4UThHVC1TVm94MU52OHdVdWlNLUphS0lEblpudWFpTXFPSzZBZ2RnUElYWUZYOWkwSkVjcmd6SzFGN2xuVFJwTHFnYXJGSm04Zl9FSVdzSVd4NkFFWVd0RHVvQl9aQVJCTFRFZUloTHI1d29lR3c?oc=5\" target=\"_blank\" rel=\"nofollow noopener\">Januari \u00e5rets mest brandt\u00e4ta m\u00e5nad \u2013 extra stor risk p\u00e5 Trettondagsafton<\/a>&nbsp;&nbsp;Lysekilsposten<\/li>\n<li><a href=\"https:\/\/news.google.com\/rss\/articles\/CBMinwFBVV95cUxNZlpUSHBjeC14S0pjdDdUOE1OdVJHMUZIQjZWMDZRUVMxZWY1TjlYRndsTXNpbHVKUTJ0eUplWGktXzFsRDZuSG12a0NnVS1WNEFZdTJucDJtdVl5YmlPU3ZXV2t3RUJtN0xBOEFOUktFTlQyNnBndVNsUldBWDZKdjJYVERuQkNaUk56QUx6ODhsRngyd2dEZnYwVEFjRnc?oc=5\" target=\"_blank\" rel=\"nofollow noopener\">R\u00e4tt brandskydd hemma \u2013 en billig livf\u00f6rs\u00e4kring<\/a>&nbsp;&nbsp;Bostadsr\u00e4tterna<\/li>\n<\/ol>\n","protected":false},"excerpt":{"rendered":"Januari \u00e5rets mest brandt\u00e4ta m\u00e5nad: \u201dBra att brand\u00f6va med barnen\u201d&nbsp;&nbsp;Arvika Nyheter Flest bostadsbr\u00e4nder i Sverige under december och&hellip;\n","protected":false},"author":2,"featured_media":125026,"comment_status":"","ping_status":"","sticky":false,"template":"","format":"standard","meta":{"footnotes":""},"categories":[12],"tags":[22,23,26,27,17,21,24,25,28,29,15,16,18,34,31,33,32,30,19,20],"class_list":{"0":"post-125025","1":"post","2":"type-post","3":"status-publish","4":"format-standard","5":"has-post-thumbnail","7":"category-sverige","8":"tag-breaking-news","9":"tag-breakingnews","10":"tag-featured-news","11":"tag-featurednews","12":"tag-headlines","13":"tag-huvudnyheter","14":"tag-latest-news","15":"tag-latestnews","16":"tag-main-news","17":"tag-mainnews","18":"tag-news","19":"tag-nyheter","20":"tag-rubriker","21":"tag-se","22":"tag-svenska","23":"tag-sverige","24":"tag-sweden","25":"tag-swedish","26":"tag-top-stories","27":"tag-topstories"},"share_on_mastodon":{"url":"https:\/\/pubeurope.com\/@se\/115835405825965312","error":""},"_links":{"self":[{"href":"https:\/\/www.europesays.com\/se\/wp-json\/wp\/v2\/posts\/125025","targetHints":{"allow":["GET"]}}],"collection":[{"href":"https:\/\/www.europesays.com\/se\/wp-json\/wp\/v2\/posts"}],"about":[{"href":"https:\/\/www.europesays.com\/se\/wp-json\/wp\/v2\/types\/post"}],"author":[{"embeddable":true,"href":"https:\/\/www.europesays.com\/se\/wp-json\/wp\/v2\/users\/2"}],"replies":[{"embeddable":true,"href":"https:\/\/www.europesays.com\/se\/wp-json\/wp\/v2\/comments?post=125025"}],"version-history":[{"count":0,"href":"https:\/\/www.europesays.com\/se\/wp-json\/wp\/v2\/posts\/125025\/revisions"}],"wp:featuredmedia":[{"embeddable":true,"href":"https:\/\/www.europesays.com\/se\/wp-json\/wp\/v2\/media\/125026"}],"wp:attachment":[{"href":"https:\/\/www.europesays.com\/se\/wp-json\/wp\/v2\/media?parent=125025"}],"wp:term":[{"taxonomy":"category","embeddable":true,"href":"https:\/\/www.europesays.com\/se\/wp-json\/wp\/v2\/categories?post=125025"},{"taxonomy":"post_tag","embeddable":true,"href":"https:\/\/www.europesays.com\/se\/wp-json\/wp\/v2\/tags?post=125025"}],"curies":[{"name":"wp","href":"https:\/\/api.w.org\/{rel}","templated":true}]}}