{"id":125027,"date":"2026-01-04T06:26:15","date_gmt":"2026-01-04T06:26:15","guid":{"rendered":"https:\/\/www.europesays.com\/se\/125027\/"},"modified":"2026-01-04T06:26:15","modified_gmt":"2026-01-04T06:26:15","slug":"sj-staller-in-tag-norr-om-gavle-fram-till-mandag","status":"publish","type":"post","link":"https:\/\/www.europesays.com\/se\/125027\/","title":{"rendered":"SJ st\u00e4ller in t\u00e5g norr om G\u00e4vle fram till m\u00e5ndag"},"content":{"rendered":"<p>M\u00e4lart\u00e5g har reducerat sin trafik mellan Uppsala och Stockholm. N\u00e4stan alla t\u00e5g med ett t\u00e5gnummer som b\u00f6rjar p\u00e5 nio \u00e4r inst\u00e4llda fram till lunchtid p\u00e5 s\u00f6ndagen. Det inneb\u00e4r att resen\u00e4rer som ska till Stockholm fr\u00e5n Uppsala h\u00e4nvisas till avg\u00e5ngen som g\u00e5r xx:44 varje timme. F\u00f6r de resen\u00e4rer som ska \u00e5t motsatt h\u00e5ll \u00e4r det avg\u00e5ngen xx:38 fr\u00e5n Stockholm som g\u00e4ller.M\u00e4lart\u00e5g<\/p>\n","protected":false},"excerpt":{"rendered":"M\u00e4lart\u00e5g har reducerat sin trafik mellan Uppsala och Stockholm. N\u00e4stan alla t\u00e5g med ett t\u00e5gnummer som b\u00f6rjar p\u00e5&hellip;\n","protected":false},"author":2,"featured_media":1027,"comment_status":"","ping_status":"","sticky":false,"template":"","format":"standard","meta":{"footnotes":""},"categories":[5],"tags":[22,23,26,27,17,21,24,25,28,29,15,16,18,34,31,33,32,30,19,20],"class_list":{"0":"post-125027","1":"post","2":"type-post","3":"status-publish","4":"format-standard","5":"has-post-thumbnail","7":"category-rubriker","8":"tag-breaking-news","9":"tag-breakingnews","10":"tag-featured-news","11":"tag-featurednews","12":"tag-headlines","13":"tag-huvudnyheter","14":"tag-latest-news","15":"tag-latestnews","16":"tag-main-news","17":"tag-mainnews","18":"tag-news","19":"tag-nyheter","20":"tag-rubriker","21":"tag-se","22":"tag-svenska","23":"tag-sverige","24":"tag-sweden","25":"tag-swedish","26":"tag-top-stories","27":"tag-topstories"},"share_on_mastodon":{"url":"https:\/\/pubeurope.com\/@se\/115835409728101747","error":""},"_links":{"self":[{"href":"https:\/\/www.europesays.com\/se\/wp-json\/wp\/v2\/posts\/125027","targetHints":{"allow":["GET"]}}],"collection":[{"href":"https:\/\/www.europesays.com\/se\/wp-json\/wp\/v2\/posts"}],"about":[{"href":"https:\/\/www.europesays.com\/se\/wp-json\/wp\/v2\/types\/post"}],"author":[{"embeddable":true,"href":"https:\/\/www.europesays.com\/se\/wp-json\/wp\/v2\/users\/2"}],"replies":[{"embeddable":true,"href":"https:\/\/www.europesays.com\/se\/wp-json\/wp\/v2\/comments?post=125027"}],"version-history":[{"count":0,"href":"https:\/\/www.europesays.com\/se\/wp-json\/wp\/v2\/posts\/125027\/revisions"}],"wp:featuredmedia":[{"embeddable":true,"href":"https:\/\/www.europesays.com\/se\/wp-json\/wp\/v2\/media\/1027"}],"wp:attachment":[{"href":"https:\/\/www.europesays.com\/se\/wp-json\/wp\/v2\/media?parent=125027"}],"wp:term":[{"taxonomy":"category","embeddable":true,"href":"https:\/\/www.europesays.com\/se\/wp-json\/wp\/v2\/categories?post=125027"},{"taxonomy":"post_tag","embeddable":true,"href":"https:\/\/www.europesays.com\/se\/wp-json\/wp\/v2\/tags?post=125027"}],"curies":[{"name":"wp","href":"https:\/\/api.w.org\/{rel}","templated":true}]}}