{"id":125031,"date":"2026-01-04T06:35:20","date_gmt":"2026-01-04T06:35:20","guid":{"rendered":"https:\/\/www.europesays.com\/se\/125031\/"},"modified":"2026-01-04T06:35:20","modified_gmt":"2026-01-04T06:35:20","slug":"auston-matthews-raderade-mats-sundins-malrekord-utraderat","status":"publish","type":"post","link":"https:\/\/www.europesays.com\/se\/125031\/","title":{"rendered":"Auston Matthews raderade Mats Sundins m\u00e5lrekord utraderat"},"content":{"rendered":"<p class=\"boxtextgrotesk-root_baa6 hyperion-css-1w346fg\">Uppdaterad 07.28 | Publicerad 05.28<\/p>\n<p>share-arrowDela<\/p>\n<p>unsaveSpara<\/p>\n<p class=\"hyperion-css-1shl3oz\" data-test-tag=\"lead-text\">Toronto har en ny m\u00e5lkung.<\/p>\n<p class=\"hyperion-css-1shl3oz\" data-test-tag=\"lead-text\">Auston Matthews, 28, \u00e4r numera lagets fr\u00e4msta m\u00e5lskytt genom tiderna \u2013 och petar d\u00e4rmed ned Mats Sundin, 54, fr\u00e5n tronen.<\/p>\n<p class=\"hyperion-css-1shl3oz\" data-test-tag=\"lead-text\">\u2013 Auston, grattis till att du slog mitt rekord, s\u00e4ger Sundin p\u00e5 Instagram.<\/p>\n<p class=\"hyperion-css-1v9qo5x\">Den svenske NHL-legendaren <a data-test-tag=\"internal-link\" href=\"https:\/\/www.aftonbladet.se\/tagg\/mats-sundin\" class=\"hyperion-css-15jkft9\" rel=\"nofollow noopener\" target=\"\" aria-label=\"Mats Sundin\" theme=\"sportbladet\">Mats Sundin<\/a> gjorde under sina 13 s\u00e4songer i Toronto sammanlagt 420 m\u00e5l p\u00e5 981 matcher. <\/p>\n<p class=\"hyperion-css-1v9qo5x\">I natt gjorde <a data-test-tag=\"internal-link\" href=\"https:\/\/www.aftonbladet.se\/tagg\/auston-matthews\" class=\"hyperion-css-15jkft9\" rel=\"nofollow noopener\" target=\"\" aria-label=\"Auston Matthews\" theme=\"sportbladet\">Auston Matthews<\/a> m\u00e5l nummer 420 och 421 f\u00f6r samma klubb \u2013 och slog d\u00e4rmed Mats Sundins historiska rekord. Och han gjorde det p\u00e5 endast 664 matcher, 317 f\u00e4rre matcher, allts\u00e5. <\/p>\n<p class=\"hyperion-css-1v9qo5x\">\u2013 Du kommer att njuta mer av det h\u00e4r n\u00e4r din karri\u00e4r \u00e4r \u00f6ver, men det \u00e4r en fantastisk milstolpe, s\u00e4ger svensken i ett videoklipp publicerat p\u00e5 Torontos Instagramkonto efter nattens match.<\/p>\n<p class=\"hyperion-css-1v9qo5x\">Matthews tv\u00e5 m\u00e5l kom p\u00e5 bortaplan mot New York Islanders, i form av 1\u20131 och 2\u20131 i den f\u00f6rsta perioden.<\/p>\n<p class=\"hyperion-css-1v9qo5x\">Matchen vanns dock av Islanders, efter bland annat ett m\u00e5l och en assist av hemmalagets svensk Emil Heineman. Matchen slutade 4\u20133.<\/p>\n<p class=\"hyperion-css-1v9qo5x\">Auston Matthews spelar just nu sin tionde s\u00e4song med Toronto.<\/p>\n<p>chevron-leftf\u00f6reg\u00e5ende<\/p>\n<ul class=\"carousel-container-viewport\" style=\"transform:translate3d(0%, 0, 0)\">\n<li class=\"carousel-slide\" style=\"z-index:1;filter:none(1);padding-bottom:66.63157%\"><img decoding=\"async\" class=\"image-asset hyperion-css-u06ts1\" data-test-tag=\"image-asset\" src=\"https:\/\/www.europesays.com\/se\/wp-content\/uploads\/2026\/01\/4c427d8d-3bbd-4cbc-9c7b-afe933da1c31.jpeg\"  alt=\"\"  fetchpriority=\"auto\" style=\"aspect-ratio:1900 \/ 1266\"\/><\/li>\n<li class=\"carousel-slide\" style=\"filter:none(0.3);padding-bottom:66.63157%\"><img decoding=\"async\" class=\"image-asset hyperion-css-u06ts1\" data-test-tag=\"image-asset\" src=\"https:\/\/www.europesays.com\/se\/wp-content\/uploads\/2026\/01\/a2b15081-b778-43d1-926c-c0b6fea13329.jpeg\"  alt=\"\"  fetchpriority=\"auto\" style=\"aspect-ratio:1900 \/ 1267\"\/><\/li>\n<\/ul>\n<p>expand-left<\/p>\n<p>helsk\u00e4rmchevron-rightn\u00e4staAuston Matthews (34) i f\u00f6rsta perioden av nattens match.<\/p>\n<p>1 \/ 2Foto: Heather Khalifa\/AP\/TT<\/p>\n<p>H\u00e4ndelserInb\u00f6rdes m\u00f6ten5 senasteTabell<\/p>\n<p>Arena: UBS Arena<\/p>\n<ul class=\"eventperiod-eventList_faaa\">\n<li class=\"eventrow-eventRow_630f\">\n<p>J. Drouin <b>A. Pelech Adam\u00a0(1-0)\u00a0<\/b><\/p>\n<p>22&#8242;<\/p>\n<\/li>\n<li class=\"eventrow-eventRow_630f\">\n<p>30&#8242;<\/p>\n<\/li>\n<li class=\"eventrow-eventRow_630f\">\n<p>38&#8242;<\/p>\n<p>B. Mcmann <b>A. Matthews\u00a0(1-2)\u00a0<\/b><\/p>\n<\/li>\n<\/ul>\n<ul class=\"eventperiod-eventList_faaa\">\n<li class=\"eventrow-eventRow_630f\">\n<p>J. Drouin <b>M. Schaefer\u00a0(2-2)\u00a0<\/b><\/p>\n<p>52&#8242;<\/p>\n<\/li>\n<li class=\"eventrow-eventRow_630f\">\n<p>53&#8242;<\/p>\n<p>N. Roy <b>N. Robertson\u00a0(2-3)\u00a0<\/b><\/p>\n<\/li>\n<li class=\"eventrow-eventRow_630f\">\n<p>M. Barzal <b>E. Heineman\u00a0(3-3)\u00a0<\/b><\/p>\n<p>58&#8242;<\/p>\n<\/li>\n<\/ul>\n<ul class=\"eventperiod-eventList_faaa\">\n<li class=\"eventrow-eventRow_630f\">\n<p>M. Barzal <b>M. Schaefer\u00a0(4-3)\u00a0<\/b><\/p>\n<p>65&#8242;<\/p>\n<\/li>\n<\/ul>\n<p><a class=\"default eventsummary-followLink_0f93 hyperion-css-1u8qly9\" href=\"https:\/\/malservice.aftonbladet.se\/match\/_\/713724\/rapport\" target=\"_blank\" rel=\"noopener noreferrer nofollow\" data-test-tag=\"external-link\">L\u00e4s mer p\u00e5 M\u00e5lservicechevron-right<\/a><\/p>\n","protected":false},"excerpt":{"rendered":"Uppdaterad 07.28 | Publicerad 05.28 share-arrowDela unsaveSpara Toronto har en ny m\u00e5lkung. Auston Matthews, 28, \u00e4r numera lagets&hellip;\n","protected":false},"author":2,"featured_media":125032,"comment_status":"","ping_status":"","sticky":false,"template":"","format":"standard","meta":{"footnotes":""},"categories":[5],"tags":[22,23,26,27,17,21,24,25,28,29,15,16,18,34,31,33,32,30,19,20],"class_list":{"0":"post-125031","1":"post","2":"type-post","3":"status-publish","4":"format-standard","5":"has-post-thumbnail","7":"category-rubriker","8":"tag-breaking-news","9":"tag-breakingnews","10":"tag-featured-news","11":"tag-featurednews","12":"tag-headlines","13":"tag-huvudnyheter","14":"tag-latest-news","15":"tag-latestnews","16":"tag-main-news","17":"tag-mainnews","18":"tag-news","19":"tag-nyheter","20":"tag-rubriker","21":"tag-se","22":"tag-svenska","23":"tag-sverige","24":"tag-sweden","25":"tag-swedish","26":"tag-top-stories","27":"tag-topstories"},"share_on_mastodon":{"url":"https:\/\/pubeurope.com\/@se\/115835445099945481","error":""},"_links":{"self":[{"href":"https:\/\/www.europesays.com\/se\/wp-json\/wp\/v2\/posts\/125031","targetHints":{"allow":["GET"]}}],"collection":[{"href":"https:\/\/www.europesays.com\/se\/wp-json\/wp\/v2\/posts"}],"about":[{"href":"https:\/\/www.europesays.com\/se\/wp-json\/wp\/v2\/types\/post"}],"author":[{"embeddable":true,"href":"https:\/\/www.europesays.com\/se\/wp-json\/wp\/v2\/users\/2"}],"replies":[{"embeddable":true,"href":"https:\/\/www.europesays.com\/se\/wp-json\/wp\/v2\/comments?post=125031"}],"version-history":[{"count":0,"href":"https:\/\/www.europesays.com\/se\/wp-json\/wp\/v2\/posts\/125031\/revisions"}],"wp:featuredmedia":[{"embeddable":true,"href":"https:\/\/www.europesays.com\/se\/wp-json\/wp\/v2\/media\/125032"}],"wp:attachment":[{"href":"https:\/\/www.europesays.com\/se\/wp-json\/wp\/v2\/media?parent=125031"}],"wp:term":[{"taxonomy":"category","embeddable":true,"href":"https:\/\/www.europesays.com\/se\/wp-json\/wp\/v2\/categories?post=125031"},{"taxonomy":"post_tag","embeddable":true,"href":"https:\/\/www.europesays.com\/se\/wp-json\/wp\/v2\/tags?post=125031"}],"curies":[{"name":"wp","href":"https:\/\/api.w.org\/{rel}","templated":true}]}}