{"id":125037,"date":"2026-01-04T06:51:07","date_gmt":"2026-01-04T06:51:07","guid":{"rendered":"https:\/\/www.europesays.com\/se\/125037\/"},"modified":"2026-01-04T06:51:07","modified_gmt":"2026-01-04T06:51:07","slug":"04-januari-07-20-sammanfattning-natt-orebro-lan","status":"publish","type":"post","link":"https:\/\/www.europesays.com\/se\/125037\/","title":{"rendered":"04 januari 07.20, Sammanfattning natt, \u00d6rebro l\u00e4n"},"content":{"rendered":"<p><strong>\u00d6rebro, v\u00e5ld mot tj\u00e4nsteman samt ofredande.<\/strong><br \/>23.22: En kvinna i 35-\u00e5rs\u00e5ldern misst\u00e4nks f\u00f6r narkotikabrott innehav samt blev omh\u00e4ndertagen enligt LOB, lagen om omh\u00e4ndertagande av berusad person med anledning av sitt tillst\u00e5nd. Det framkommer \u00e4ven att kvinnan varit v\u00e5ldsam p\u00e5 en sjukv\u00e5rdsinr\u00e4ttning varf\u00f6r f\u00f6runders\u00f6kning \u00e4ven \u00e4r inledd g\u00e4llande ofredande samt v\u00e5ld mot tj\u00e4nsteman.\u00a0<\/p>\n<p>Natten har i \u00f6vrigt annars varit mycket lugn, inga gr\u00f6vre brott har kommit till polisen k\u00e4nnedom. Det har kontrollerats en antal personer samt fordon som inte f\u00f6ranlett vidare tv\u00e5ngs\u00e5tg\u00e4rder. <\/p>\n<p>Det har inkommit flera samtal om peroner som sladdar med fordon och st\u00f6r boende.<br \/>Ett flertal samtal har \u00e4ven inkommit om pyroteknik som avfyrats.\u00a0<\/p>\n","protected":false},"excerpt":{"rendered":"\u00d6rebro, v\u00e5ld mot tj\u00e4nsteman samt ofredande.23.22: En kvinna i 35-\u00e5rs\u00e5ldern misst\u00e4nks f\u00f6r narkotikabrott innehav samt blev omh\u00e4ndertagen enligt&hellip;\n","protected":false},"author":2,"featured_media":54,"comment_status":"","ping_status":"","sticky":false,"template":"","format":"standard","meta":{"footnotes":""},"categories":[12],"tags":[22,23,26,27,17,21,24,25,28,29,15,16,18,34,31,33,32,30,19,20],"class_list":{"0":"post-125037","1":"post","2":"type-post","3":"status-publish","4":"format-standard","5":"has-post-thumbnail","7":"category-sverige","8":"tag-breaking-news","9":"tag-breakingnews","10":"tag-featured-news","11":"tag-featurednews","12":"tag-headlines","13":"tag-huvudnyheter","14":"tag-latest-news","15":"tag-latestnews","16":"tag-main-news","17":"tag-mainnews","18":"tag-news","19":"tag-nyheter","20":"tag-rubriker","21":"tag-se","22":"tag-svenska","23":"tag-sverige","24":"tag-sweden","25":"tag-swedish","26":"tag-top-stories","27":"tag-topstories"},"share_on_mastodon":{"url":"https:\/\/pubeurope.com\/@se\/115835508043250200","error":""},"_links":{"self":[{"href":"https:\/\/www.europesays.com\/se\/wp-json\/wp\/v2\/posts\/125037","targetHints":{"allow":["GET"]}}],"collection":[{"href":"https:\/\/www.europesays.com\/se\/wp-json\/wp\/v2\/posts"}],"about":[{"href":"https:\/\/www.europesays.com\/se\/wp-json\/wp\/v2\/types\/post"}],"author":[{"embeddable":true,"href":"https:\/\/www.europesays.com\/se\/wp-json\/wp\/v2\/users\/2"}],"replies":[{"embeddable":true,"href":"https:\/\/www.europesays.com\/se\/wp-json\/wp\/v2\/comments?post=125037"}],"version-history":[{"count":0,"href":"https:\/\/www.europesays.com\/se\/wp-json\/wp\/v2\/posts\/125037\/revisions"}],"wp:featuredmedia":[{"embeddable":true,"href":"https:\/\/www.europesays.com\/se\/wp-json\/wp\/v2\/media\/54"}],"wp:attachment":[{"href":"https:\/\/www.europesays.com\/se\/wp-json\/wp\/v2\/media?parent=125037"}],"wp:term":[{"taxonomy":"category","embeddable":true,"href":"https:\/\/www.europesays.com\/se\/wp-json\/wp\/v2\/categories?post=125037"},{"taxonomy":"post_tag","embeddable":true,"href":"https:\/\/www.europesays.com\/se\/wp-json\/wp\/v2\/tags?post=125037"}],"curies":[{"name":"wp","href":"https:\/\/api.w.org\/{rel}","templated":true}]}}