{"id":125039,"date":"2026-01-04T06:54:11","date_gmt":"2026-01-04T06:54:11","guid":{"rendered":"https:\/\/www.europesays.com\/se\/125039\/"},"modified":"2026-01-04T06:54:11","modified_gmt":"2026-01-04T06:54:11","slug":"nytt-avbrack-for-timra-tvingades-kliva-av","status":"publish","type":"post","link":"https:\/\/www.europesays.com\/se\/125039\/","title":{"rendered":"Nytt avbr\u00e4ck f\u00f6r Timr\u00e5 \u2013 tvingades kliva av"},"content":{"rendered":"<p>Publicerad 3 jan 2026 kl 18.54Uppdaterad kl 22.24<\/p>\n<p>Timr\u00e5 \u00e5kte p\u00e5 ett nytt avbr\u00e4ck mot Djurg\u00e5rden.<\/p>\n<p>Efter en klubba i ansiktet tvingades Anton Heikkinen bryta matchen.<\/p>\n<p>Han f\u00f6rdes senare till sjukhus.\u00a0<\/p>\n<p>Dr\u00f6mmen slog in \u2013\u00a0Melvin, 12, fick tr\u00e4ffa Redhawks<img   alt=\"\"\/><\/p>\n<p>Anton Heikkinen tvingades kliva av.<\/p>\n<p>Foto: MATS ANDERSSON \/ BILDBYR\u00c5N<\/p>\n<p>\u00d6ppna bild i helsk\u00e4rm<\/p>\n<p>Timr\u00e5 tog tidigt ledningen hemma mot Djurg\u00e5rden n\u00e4r Anton Heikkinen, efter bara 22 sekunder, lyckades s\u00e4tta 1\u20130 bakom Magnus Hellberg i Djurg\u00e5rdsm\u00e5let.<\/p>\n<p>D\u00e4refter fortsatte hemmalaget pressa p\u00e5, men m\u00e5lm\u00e4ssigt stod sig resultatet perioden ut.<\/p>\n<p>I slutet p\u00e5 den f\u00f6rsta akten \u00e5kte dock m\u00e5lskytten Anton Heikkinen p\u00e5 en sm\u00e4ll, n\u00e4r han tr\u00e4ffades av en Djurg\u00e5rdsklubba i ansiktet.<\/p>\n<p>Forwarden tvingades l\u00e4mna isen \u2013 men domarna valde inte att ta n\u00e5gon utvisning, till Timr\u00e5l\u00e4grets missn\u00f6je.<\/p>\n<p>N\u00e4r andra perioden startade fanns inte Heikkinen med, utan hade tvingats l\u00e4mna matchen.<\/p>\n<p>Efter matchen meddelade Timr\u00e5s tr\u00e4nare Tommy Samuelsson att forwarden f\u00f6rts till sjukhus.\u00a0<\/p>\n<p>Lagl\u00e4karen Christian Rydin utvecklade sedan det hela.<\/p>\n<p>\u2013 Han blev tr\u00e4ffad av en klubba i \u00f6gat vi valde att skicka in honom till sjukhuset f\u00f6r vidare unders\u00f6kning, s\u00e4ger Rydin.<\/p>\n<p><strong>Hur var statusen p\u00e5 honom? Kunde han se ordentligt?<\/strong><\/p>\n<p>\u2013 Det enda vi kan g\u00e5 ut med \u00e4r att han var vid gott mod.<\/p>\n<p><strong>\u00c4r ni oroliga f\u00f6r hans syn eller n\u00e5got?<\/strong><\/p>\n<p>\u2013 Vi f\u00e5 se vad unders\u00f6kningarna visar. Det viktigaste \u00e4r att han f\u00e5r en ordentlig och korrekt unders\u00f6kning. Vi misst\u00e4nker inte heller n\u00e5gon hj\u00e4rnskakning eller liknande i nul\u00e4get.<\/p>\n<p>Timr\u00e5 har redan flera spelare p\u00e5 sjukdoms- och skadelistan samtidigt som tre spelare \u00e4r p\u00e5 junior-vm. Inf\u00f6r m\u00f6tet med Djurg\u00e5rden saknades ocks\u00e5 Anton Lundmark och Linus N\u00e4ss\u00e9n, vilket gjorde att laget st\u00e4llde upp med tv\u00e5 juniorer i truppen.<\/p>\n","protected":false},"excerpt":{"rendered":"Publicerad 3 jan 2026 kl 18.54Uppdaterad kl 22.24 Timr\u00e5 \u00e5kte p\u00e5 ett nytt avbr\u00e4ck mot Djurg\u00e5rden. Efter en&hellip;\n","protected":false},"author":2,"featured_media":125040,"comment_status":"","ping_status":"","sticky":false,"template":"","format":"standard","meta":{"footnotes":""},"categories":[68],"tags":[814,1179,2154,34,255,823,111,110,31,33,32,30],"class_list":{"0":"post-125039","1":"post","2":"type-post","3":"status-publish","4":"format-standard","5":"has-post-thumbnail","7":"category-sport","8":"tag-organization-djurgarden-hockey","9":"tag-organization-shl","10":"tag-organization-timra-ik","11":"tag-se","12":"tag-sections-ishockey","13":"tag-sections-shl","14":"tag-sport","15":"tag-sports","16":"tag-svenska","17":"tag-sverige","18":"tag-sweden","19":"tag-swedish"},"share_on_mastodon":{"url":"https:\/\/pubeurope.com\/@se\/115835519786856597","error":""},"_links":{"self":[{"href":"https:\/\/www.europesays.com\/se\/wp-json\/wp\/v2\/posts\/125039","targetHints":{"allow":["GET"]}}],"collection":[{"href":"https:\/\/www.europesays.com\/se\/wp-json\/wp\/v2\/posts"}],"about":[{"href":"https:\/\/www.europesays.com\/se\/wp-json\/wp\/v2\/types\/post"}],"author":[{"embeddable":true,"href":"https:\/\/www.europesays.com\/se\/wp-json\/wp\/v2\/users\/2"}],"replies":[{"embeddable":true,"href":"https:\/\/www.europesays.com\/se\/wp-json\/wp\/v2\/comments?post=125039"}],"version-history":[{"count":0,"href":"https:\/\/www.europesays.com\/se\/wp-json\/wp\/v2\/posts\/125039\/revisions"}],"wp:featuredmedia":[{"embeddable":true,"href":"https:\/\/www.europesays.com\/se\/wp-json\/wp\/v2\/media\/125040"}],"wp:attachment":[{"href":"https:\/\/www.europesays.com\/se\/wp-json\/wp\/v2\/media?parent=125039"}],"wp:term":[{"taxonomy":"category","embeddable":true,"href":"https:\/\/www.europesays.com\/se\/wp-json\/wp\/v2\/categories?post=125039"},{"taxonomy":"post_tag","embeddable":true,"href":"https:\/\/www.europesays.com\/se\/wp-json\/wp\/v2\/tags?post=125039"}],"curies":[{"name":"wp","href":"https:\/\/api.w.org\/{rel}","templated":true}]}}