{"id":125043,"date":"2026-01-04T07:00:20","date_gmt":"2026-01-04T07:00:20","guid":{"rendered":"https:\/\/www.europesays.com\/se\/125043\/"},"modified":"2026-01-04T07:00:20","modified_gmt":"2026-01-04T07:00:20","slug":"os-banan-sagas-doms-ut-av-tv-experten","status":"publish","type":"post","link":"https:\/\/www.europesays.com\/se\/125043\/","title":{"rendered":"OS-banan s\u00e5gas \u2013 d\u00f6ms ut av tv-experten"},"content":{"rendered":"<p>Publicerad 3 jan 2026 kl 18.16Uppdaterad kl 19.01<\/p>\n<p>OS-banorna i sprint testades f\u00f6r f\u00f6rsta g\u00e5ngen under Tour de ski.\u00a0<\/p>\n<p>Den d\u00f6mdes ut direkt.<\/p>\n<p>\u2013 Jag tycker det \u00e4r fel. Det h\u00e4r blir ju n\u00e4stan en helt ny distans, s\u00e4ger Teodor Peterson, expert p\u00e5 Viaplay.\u00a0<\/p>\n<p>Senaste sportklippen fr\u00e5n Expressen.<img   alt=\"\"\/><\/p>\n<p>Teodor Peterson.<\/p>\n<p>Foto: MAXIM THORE \/ BILDBYR\u00c5N<\/p>\n<p>\u00d6ppna bild i helsk\u00e4rm<img loading=\"lazy\"   alt=\"\"\/><\/p>\n<p>Banan i Val di Fiemme.<\/p>\n<p>Foto: ELENA PRATI \/ STELLA PICTURES<\/p>\n<p>\u00d6ppna bild i helsk\u00e4rmArtikeln i korthet<\/p>\n<p> OS-sprintbanan i Val di Fiemme kritiseras f\u00f6r att vara f\u00f6r l\u00e5ng och tuff.<\/p>\n<p> Experter menar att distansen f\u00f6r\u00e4ndrar f\u00f6ruts\u00e4ttningarna, s\u00e4rskilt f\u00f6r damerna.<\/p>\n<p> Fis ska diskutera eventuella \u00e4ndringar, men tiden \u00e4r knapp inf\u00f6r OS.<\/p>\n<p>Visa mer<\/p>\n<p>Nyheten hade n\u00e5tt \u00e5karna: sprintbanan i Val di Fiemme hade delvis gjorts om och \u00e4r nu tuffare.<\/p>\n<p>Men exakt hur tuff den nya OS-banan nu \u00e4r blev en \u00f6verraskning.<\/p>\n<p>\u2013 Det \u00e4r en riktigt grisig bana. Blytung, s\u00e4ger Moa Lundgren.<\/p>\n<p>I prologen slutade det med \u00e5ktider runt fyra minuter \u2013 betydligt l\u00e4ngre \u00e4n det brukar vara i v\u00e4rldscupen.<\/p>\n<p>F\u00f6rst av alla i m\u00e5l i prologen var polskan Monika Skinder. Och n\u00e4r hon skar m\u00e5llinjen h\u00e4pnade Viaplays expert Johan Olsson n\u00e4r han s\u00e5g tiden.<\/p>\n<p>\u2013 Jag t\u00e4nkte f\u00f6rst n\u00e4r jag s\u00e5g hennes tid att \u201dhar hon \u00e5kt fel?\u201d<\/p>\n<p>S\u00e5 var det inte. I st\u00e4llet fortsatte \u00e5kare att passera m\u00e5llinjen med tider runt fyraminutersstrecket.<\/p>\n<p>\u2013 Det \u00e4r ju speciellt. Det h\u00e4r \u00e4r inte som det brukar vara, s\u00e4ger Maja Dahlqvist.<\/p>\n<p>S\u00e5gas av experten<\/p>\n<p><a href=\"https:\/\/www.expressen.se\/tagg\/person\/teodor-peterson\/\" class=\"\" rel=\"nofollow noopener\" target=\"_blank\">Teodor Peterson<\/a>, expert p\u00e5 Viaplay, \u00e4r sj\u00e4lv gammal sprinter p\u00e5 h\u00f6gsta v\u00e4rldsniv\u00e5.<\/p>\n<p>Han gillade inte vad han nu fick se med tanke p\u00e5 att OS ska avg\u00f6ras p\u00e5 samma bana.<\/p>\n<p>\u2013 Man f\u00f6r\u00e4ndrar ju den distans som en sprintspecialist kan ha en chans p\u00e5. Jag tycker det \u00e4r fel, s\u00e4ger Teodor Peterson.<\/p>\n<p>Och det \u00e4r specifikt damerna som drabbas.<\/p>\n<p>\u2013 Med tanke p\u00e5 att alla v\u00e4rldscupsprintar har varit s\u00e5 mycket kortare blir det h\u00e4r n\u00e4stan en helt ny distans f\u00f6r damerna.<\/p>\n<p>En som delar Petersons \u00e5sikt \u00e4r Ingrid Aabrekk. Till <a href=\"https:\/\/www.nrk.no\/sport\/tour-de-ski_-totalslakt-av-ol-loypa_-_-helt-tapelig-1.17712621\" rel=\"nofollow noopener\" target=\"_blank\">NRK<\/a> s\u00e4ger norskan att hon hoppas banan f\u00f6r\u00e4ndras till OS. \u00a0<\/p>\n<p>\u2013 Det \u00e4r ju helt absurt att det ska vara en fyra minuter l\u00e5ng bana f\u00f6r damerna. Det blir mer mellandistans \u00e4n en sprint. Jag funderar p\u00e5 om det \u00e4ndrar, f\u00f6r det \u00e4r f\u00f6r l\u00e5ngt, s\u00e4ger hon.\u00a0<\/p>\n<p>Heidi Weng h\u00e5ller med.\u00a0<\/p>\n<p>\u2013 Jag blir \u00f6verraskad om det \u00e4r samma bana p\u00e5 OS.\u00a0<\/p>\n<p>Fis t\u00e4vlingschef Michael Lamplot s\u00e4ger att de ska lyssna till kritiken som framf\u00f6r.\u00a0<\/p>\n<p>Men.\u00a0<\/p>\n<p>\u2013 Det \u00e4r drygt en m\u00e5nad till OS avg\u00f6rs. Det \u00e4r v\u00e4ldigt sv\u00e5rt att g\u00f6ra n\u00e5gra \u00e4ndringar nu. Men vi ska diskutera saken och se om vi g\u00f6r n\u00e5got \u2013 eller om vi ens kan g\u00f6ra n\u00e5gon \u00e4ndring.\u00a0<\/p>\n<p>Talar f\u00f6r Sundling<\/p>\n<p>Teodor Peterson kommer inte alls bli \u00f6verraskad om banan forts\u00e4tter se ut som den g\u00f6r n\u00e4r det vankas OS.\u00a0<\/p>\n<p>\u2013 Nej, det har ju varit en tendens att vara s\u00e5 h\u00e4r p\u00e5 OS. Att banorna d\u00e5 \u00e4r lite l\u00e4ngre, lite tuffare. Det var s\u00e5 h\u00e4r \u00e4ven under min karri\u00e4r. Och det var inget jag gillade.<\/p>\n<p>Viaplay-experten forts\u00e4tter:<\/p>\n<p>\u2013 Du t\u00e4vlar en hel s\u00e4song med banor som \u00e4r runt tre minuter \u2013 sedan \u00e4r det pl\u00f6tsligt en minut till p\u00e5 OS. Det \u00e4r inte r\u00e4tt.<\/p>\n<p>Ur ett svenskt perspektiv kan det i alla fall finnas n\u00e5got positivt med de nya banorna med tanke p\u00e5 OS.<\/p>\n<p>I alla fall om man ska tro Johan Olsson.<\/p>\n<p>\u2013 Jag tror att Jonna Sundling tyckte det var j\u00e4ttekul att se att det var l\u00e5ng \u00e5ktid h\u00e4r. Hon hanterar det b\u00e4ttre \u00e4n vad andra g\u00f6r, s\u00e4ger Johan Olsson.<\/p>\n","protected":false},"excerpt":{"rendered":"Publicerad 3 jan 2026 kl 18.16Uppdaterad kl 19.01 OS-banorna i sprint testades f\u00f6r f\u00f6rsta g\u00e5ngen under Tour de&hellip;\n","protected":false},"author":2,"featured_media":125044,"comment_status":"","ping_status":"","sticky":false,"template":"","format":"standard","meta":{"footnotes":""},"categories":[5],"tags":[22,23,26,27,17,21,24,25,28,29,15,16,2255,3482,3484,13077,18,34,857,31,33,32,30,19,20],"class_list":{"0":"post-125043","1":"post","2":"type-post","3":"status-publish","4":"format-standard","5":"has-post-thumbnail","7":"category-rubriker","8":"tag-breaking-news","9":"tag-breakingnews","10":"tag-featured-news","11":"tag-featurednews","12":"tag-headlines","13":"tag-huvudnyheter","14":"tag-latest-news","15":"tag-latestnews","16":"tag-main-news","17":"tag-mainnews","18":"tag-news","19":"tag-nyheter","20":"tag-organization-viaplay","21":"tag-person-jonna-sundling","22":"tag-person-moa-lundgren","23":"tag-person-teodor-peterson","24":"tag-rubriker","25":"tag-se","26":"tag-sections-langdskidor","27":"tag-svenska","28":"tag-sverige","29":"tag-sweden","30":"tag-swedish","31":"tag-top-stories","32":"tag-topstories"},"share_on_mastodon":{"url":"https:\/\/pubeurope.com\/@se\/115835543391470236","error":""},"_links":{"self":[{"href":"https:\/\/www.europesays.com\/se\/wp-json\/wp\/v2\/posts\/125043","targetHints":{"allow":["GET"]}}],"collection":[{"href":"https:\/\/www.europesays.com\/se\/wp-json\/wp\/v2\/posts"}],"about":[{"href":"https:\/\/www.europesays.com\/se\/wp-json\/wp\/v2\/types\/post"}],"author":[{"embeddable":true,"href":"https:\/\/www.europesays.com\/se\/wp-json\/wp\/v2\/users\/2"}],"replies":[{"embeddable":true,"href":"https:\/\/www.europesays.com\/se\/wp-json\/wp\/v2\/comments?post=125043"}],"version-history":[{"count":0,"href":"https:\/\/www.europesays.com\/se\/wp-json\/wp\/v2\/posts\/125043\/revisions"}],"wp:featuredmedia":[{"embeddable":true,"href":"https:\/\/www.europesays.com\/se\/wp-json\/wp\/v2\/media\/125044"}],"wp:attachment":[{"href":"https:\/\/www.europesays.com\/se\/wp-json\/wp\/v2\/media?parent=125043"}],"wp:term":[{"taxonomy":"category","embeddable":true,"href":"https:\/\/www.europesays.com\/se\/wp-json\/wp\/v2\/categories?post=125043"},{"taxonomy":"post_tag","embeddable":true,"href":"https:\/\/www.europesays.com\/se\/wp-json\/wp\/v2\/tags?post=125043"}],"curies":[{"name":"wp","href":"https:\/\/api.w.org\/{rel}","templated":true}]}}