{"id":125055,"date":"2026-01-04T07:15:15","date_gmt":"2026-01-04T07:15:15","guid":{"rendered":"https:\/\/www.europesays.com\/se\/125055\/"},"modified":"2026-01-04T07:15:15","modified_gmt":"2026-01-04T07:15:15","slug":"ny-deckare-tar-avstamp-i-apoteksmordet","status":"publish","type":"post","link":"https:\/\/www.europesays.com\/se\/125055\/","title":{"rendered":"Ny deckare tar avstamp i apoteksmordet"},"content":{"rendered":"<p class=\"text\">Upplands V\u00e4sby<\/p>\n<p class=\"text\">\u201dEn man hittas m\u00f6rdad vid den avs\u00e5gade flaggst\u00e5ngen bakom Picchus caf\u00e9, gamla apoteket\u201d. S\u00e5 b\u00f6rjar Ingemar Dahls nya deckare \u201dApotekarens droppar\u201d, del 2 i V\u00e4sbyserien.\u00a0<\/p>\n<p class=\"text\">Det visar sig att Lisa Emerson och Pontus Blid, Sollentunapolisen, f\u00e5r en r\u00e5 seriem\u00f6rdare p\u00e5 halsen d\u00e4r \u00e4ven Lisas sambo Camillas f\u00f6rflutna v\u00e4vs in.<\/p>\n<p class=\"text\">Boken har kopplingar i d\u00e5tid till det gamla apoteksmordet 1913 d\u00e4r en korrupt polis f\u00f6rs\u00f6kte f\u00e4lla n\u00e5gra italienska vagabonder utan att bry sig om ifall de var skyldiga eller ej.<\/p>\n<p class=\"text\">F\u00f6rsta delen i V\u00e4sbyserien \u201dHydrans ansikte\u201d\u00a0kom ut f\u00f6rra h\u00f6sten.<\/p>\n","protected":false},"excerpt":{"rendered":"Upplands V\u00e4sby \u201dEn man hittas m\u00f6rdad vid den avs\u00e5gade flaggst\u00e5ngen bakom Picchus caf\u00e9, gamla apoteket\u201d. S\u00e5 b\u00f6rjar Ingemar&hellip;\n","protected":false},"author":2,"featured_media":125056,"comment_status":"","ping_status":"","sticky":false,"template":"","format":"standard","meta":{"footnotes":""},"categories":[12],"tags":[22,23,26,27,17,21,24,25,28,29,15,16,18,34,31,33,32,30,19,20],"class_list":{"0":"post-125055","1":"post","2":"type-post","3":"status-publish","4":"format-standard","5":"has-post-thumbnail","7":"category-sverige","8":"tag-breaking-news","9":"tag-breakingnews","10":"tag-featured-news","11":"tag-featurednews","12":"tag-headlines","13":"tag-huvudnyheter","14":"tag-latest-news","15":"tag-latestnews","16":"tag-main-news","17":"tag-mainnews","18":"tag-news","19":"tag-nyheter","20":"tag-rubriker","21":"tag-se","22":"tag-svenska","23":"tag-sverige","24":"tag-sweden","25":"tag-swedish","26":"tag-top-stories","27":"tag-topstories"},"share_on_mastodon":{"url":"https:\/\/pubeurope.com\/@se\/115835602438042913","error":""},"_links":{"self":[{"href":"https:\/\/www.europesays.com\/se\/wp-json\/wp\/v2\/posts\/125055","targetHints":{"allow":["GET"]}}],"collection":[{"href":"https:\/\/www.europesays.com\/se\/wp-json\/wp\/v2\/posts"}],"about":[{"href":"https:\/\/www.europesays.com\/se\/wp-json\/wp\/v2\/types\/post"}],"author":[{"embeddable":true,"href":"https:\/\/www.europesays.com\/se\/wp-json\/wp\/v2\/users\/2"}],"replies":[{"embeddable":true,"href":"https:\/\/www.europesays.com\/se\/wp-json\/wp\/v2\/comments?post=125055"}],"version-history":[{"count":0,"href":"https:\/\/www.europesays.com\/se\/wp-json\/wp\/v2\/posts\/125055\/revisions"}],"wp:featuredmedia":[{"embeddable":true,"href":"https:\/\/www.europesays.com\/se\/wp-json\/wp\/v2\/media\/125056"}],"wp:attachment":[{"href":"https:\/\/www.europesays.com\/se\/wp-json\/wp\/v2\/media?parent=125055"}],"wp:term":[{"taxonomy":"category","embeddable":true,"href":"https:\/\/www.europesays.com\/se\/wp-json\/wp\/v2\/categories?post=125055"},{"taxonomy":"post_tag","embeddable":true,"href":"https:\/\/www.europesays.com\/se\/wp-json\/wp\/v2\/tags?post=125055"}],"curies":[{"name":"wp","href":"https:\/\/api.w.org\/{rel}","templated":true}]}}