{"id":125057,"date":"2026-01-04T07:16:30","date_gmt":"2026-01-04T07:16:30","guid":{"rendered":"https:\/\/www.europesays.com\/se\/125057\/"},"modified":"2026-01-04T07:16:30","modified_gmt":"2026-01-04T07:16:30","slug":"trafikverket-besvarligt-vaglag-runtom-i-sormland-svt-nyheter","status":"publish","type":"post","link":"https:\/\/www.europesays.com\/se\/125057\/","title":{"rendered":"Trafikverket: Besv\u00e4rligt v\u00e4glag runtom i S\u00f6rmland &#8211; SVT Nyheter"},"content":{"rendered":"<ol>\n<li><a href=\"https:\/\/news.google.com\/rss\/articles\/CBMilgFBVV95cUxQRVZRazFxS1BLYmJyQU1DdlhXNVA1TGMzV2FuRmk0UmdYdF9NdnZFQkZLMGZaZ1ZqVzhSdTkxSUwtMy1mTUJsY3pMcWtJNktKeXZKSEk4S09wY29aSm5hdVlVRGRHY0FpVkt0ZWZOT1daR2pGa2ZTZEZrSFBNTGZMTTVBcGFpcmlCY1ZIbTA2MjFpc1VKNHc?oc=5\" target=\"_blank\" rel=\"nofollow noopener\">Trafikverket: Besv\u00e4rligt v\u00e4glag runtom i S\u00f6rmland<\/a>&nbsp;&nbsp;SVT Nyheter<\/li>\n<li><a href=\"https:\/\/news.google.com\/rss\/articles\/CBMiuAFBVV95cUxQN252Q2FxWlJjWVl5dHJSQTA2aHdfMmlSQXBtRVFYd2VlUDB2VjJMOGF0MTMzNlRRVkJCbUYxc001TW52bndTQmJlVGhyX204ZVdJWDFtYmVRWGg5Zm83WXdpRnV6SEpIWXRuTzZ0RUtTUjlhLWlzZWpwM0h3OUtMdm1sT2FMODJraXlGVU5WUXRuNTh1MHVTanY4OXBuQXJ6VUJoN0VxUW1QMExaYVVYNVR6Q1FfYXRa?oc=5\" target=\"_blank\" rel=\"nofollow noopener\">Trafikvarningen: Fortsatt nederb\u00f6rd och halkrisk<\/a>&nbsp;&nbsp;GP<\/li>\n<li><a href=\"https:\/\/news.google.com\/rss\/articles\/CBMioAFBVV95cUxOSHF0OVlYcndPSHZnbFA5TDBsU2FjU09MWnRObVE5VWZ4anRVU0lhblMtY0lPQXZzd0wydHVjczFWY1QtcGpmX1JZQ2pad1AydFZRWXBHYjFseEpSTUZRZF96TXNZeU5XZkdMSHVLcFZNeTIwQmMxd2dZcVppbjVNUG9CRVYtMDNWNWxqZndFS21ad3pmeFhUcGdydER1TXRV?oc=5\" target=\"_blank\" rel=\"nofollow noopener\">Varnar f\u00f6r blixthalka \u2013 Trafikverket: &#8221;mycket besv\u00e4rligt&#8221;<\/a>&nbsp;&nbsp;Ekuriren<\/li>\n<li><a href=\"https:\/\/news.google.com\/rss\/articles\/CBMid0FVX3lxTE1OblNUSVZ6QmFXRVl5NFgwbHpWOG94eTRiUFVkbTU5RXUzOWRPTUNaWU9ZUWgtVUVSa19leVdCUmczN1hrM3dnam5nM1NiVWt3M0VWT0NXRGlPYjcwTWNMa3paeHZjdGlaSW5UeTBEamMzWURNbGhv?oc=5\" target=\"_blank\" rel=\"nofollow noopener\">DIREKT: Varnar f\u00f6r hemv\u00e4ndartrafik \u2013 f\u00f6lj l\u00e4get h\u00e4r<\/a>&nbsp;&nbsp;Sundsvalls Tidning<\/li>\n<li><a href=\"https:\/\/news.google.com\/rss\/articles\/CBMijwFBVV95cUxOOVh1YkszcHRVaHBJSEU5SjZsQnFHVU42TmtCWFRuVUxSS1VBckN0eWFTWFE0MGQ3U1ZVS21paElJeUl3S1VpS3lqR3hPczVGdzc4VGdKdjRyZ1BQMmwydHJLQUxfZWg5VXEwX0xTdGs0RUtwbEpycHZrSS0zckxXelc3QmN5czRWcVUzN2dZdw?oc=5\" target=\"_blank\" rel=\"nofollow noopener\">Trafikverket: Lugnt p\u00e5 v\u00e4garna \u2013 men faran inte \u00f6ver<\/a>&nbsp;&nbsp;Sveriges Radio<\/li>\n<\/ol>\n","protected":false},"excerpt":{"rendered":"Trafikverket: Besv\u00e4rligt v\u00e4glag runtom i S\u00f6rmland&nbsp;&nbsp;SVT Nyheter Trafikvarningen: Fortsatt nederb\u00f6rd och halkrisk&nbsp;&nbsp;GP Varnar f\u00f6r blixthalka \u2013 Trafikverket: &#8221;mycket&hellip;\n","protected":false},"author":2,"featured_media":793,"comment_status":"","ping_status":"","sticky":false,"template":"","format":"standard","meta":{"footnotes":""},"categories":[5],"tags":[22,23,26,27,17,21,24,25,28,29,15,16,18,34,31,33,32,30,19,20],"class_list":{"0":"post-125057","1":"post","2":"type-post","3":"status-publish","4":"format-standard","5":"has-post-thumbnail","7":"category-rubriker","8":"tag-breaking-news","9":"tag-breakingnews","10":"tag-featured-news","11":"tag-featurednews","12":"tag-headlines","13":"tag-huvudnyheter","14":"tag-latest-news","15":"tag-latestnews","16":"tag-main-news","17":"tag-mainnews","18":"tag-news","19":"tag-nyheter","20":"tag-rubriker","21":"tag-se","22":"tag-svenska","23":"tag-sverige","24":"tag-sweden","25":"tag-swedish","26":"tag-top-stories","27":"tag-topstories"},"share_on_mastodon":{"url":"https:\/\/pubeurope.com\/@se\/115835606275876701","error":""},"_links":{"self":[{"href":"https:\/\/www.europesays.com\/se\/wp-json\/wp\/v2\/posts\/125057","targetHints":{"allow":["GET"]}}],"collection":[{"href":"https:\/\/www.europesays.com\/se\/wp-json\/wp\/v2\/posts"}],"about":[{"href":"https:\/\/www.europesays.com\/se\/wp-json\/wp\/v2\/types\/post"}],"author":[{"embeddable":true,"href":"https:\/\/www.europesays.com\/se\/wp-json\/wp\/v2\/users\/2"}],"replies":[{"embeddable":true,"href":"https:\/\/www.europesays.com\/se\/wp-json\/wp\/v2\/comments?post=125057"}],"version-history":[{"count":0,"href":"https:\/\/www.europesays.com\/se\/wp-json\/wp\/v2\/posts\/125057\/revisions"}],"wp:featuredmedia":[{"embeddable":true,"href":"https:\/\/www.europesays.com\/se\/wp-json\/wp\/v2\/media\/793"}],"wp:attachment":[{"href":"https:\/\/www.europesays.com\/se\/wp-json\/wp\/v2\/media?parent=125057"}],"wp:term":[{"taxonomy":"category","embeddable":true,"href":"https:\/\/www.europesays.com\/se\/wp-json\/wp\/v2\/categories?post=125057"},{"taxonomy":"post_tag","embeddable":true,"href":"https:\/\/www.europesays.com\/se\/wp-json\/wp\/v2\/tags?post=125057"}],"curies":[{"name":"wp","href":"https:\/\/api.w.org\/{rel}","templated":true}]}}