{"id":125062,"date":"2026-01-04T07:23:16","date_gmt":"2026-01-04T07:23:16","guid":{"rendered":"https:\/\/www.europesays.com\/se\/125062\/"},"modified":"2026-01-04T07:23:16","modified_gmt":"2026-01-04T07:23:16","slug":"singelolycka-med-personbil-soder-om-finspang","status":"publish","type":"post","link":"https:\/\/www.europesays.com\/se\/125062\/","title":{"rendered":"Singelolycka med personbil s\u00f6der om Finsp\u00e5ng"},"content":{"rendered":"<p>Det var strax efter klockan io p\u00e5 l\u00f6rdagskv\u00e4llen som en trafikolycka intr\u00e4ffade s\u00f6der om Finsp\u00e5ng p\u00e5 v\u00e4g 215. En personbil hade k\u00f6rt av v\u00e4gen och i bilen fanns tv\u00e5 m\u00e4n i 20-\u00e5rs\u00e5ldern.M\u00e4nnen f\u00f6rdes till sjukhus med ambulans. Region \u00d6sterg\u00f6tland meddelade senare att de b\u00e5da m\u00e4nnen var lindrigt skadade och skulle stanna kvar p\u00e5 sjukhuset f\u00f6r observation.\u00a0R\u00e4ddningstj\u00e4nste<\/p>\n","protected":false},"excerpt":{"rendered":"Det var strax efter klockan io p\u00e5 l\u00f6rdagskv\u00e4llen som en trafikolycka intr\u00e4ffade s\u00f6der om Finsp\u00e5ng p\u00e5 v\u00e4g 215.&hellip;\n","protected":false},"author":2,"featured_media":7167,"comment_status":"","ping_status":"","sticky":false,"template":"","format":"standard","meta":{"footnotes":""},"categories":[12],"tags":[22,23,26,27,17,21,24,25,28,29,15,16,18,34,31,33,32,30,19,20],"class_list":{"0":"post-125062","1":"post","2":"type-post","3":"status-publish","4":"format-standard","5":"has-post-thumbnail","7":"category-sverige","8":"tag-breaking-news","9":"tag-breakingnews","10":"tag-featured-news","11":"tag-featurednews","12":"tag-headlines","13":"tag-huvudnyheter","14":"tag-latest-news","15":"tag-latestnews","16":"tag-main-news","17":"tag-mainnews","18":"tag-news","19":"tag-nyheter","20":"tag-rubriker","21":"tag-se","22":"tag-svenska","23":"tag-sverige","24":"tag-sweden","25":"tag-swedish","26":"tag-top-stories","27":"tag-topstories"},"share_on_mastodon":{"url":"https:\/\/pubeurope.com\/@se\/115835633868500783","error":""},"_links":{"self":[{"href":"https:\/\/www.europesays.com\/se\/wp-json\/wp\/v2\/posts\/125062","targetHints":{"allow":["GET"]}}],"collection":[{"href":"https:\/\/www.europesays.com\/se\/wp-json\/wp\/v2\/posts"}],"about":[{"href":"https:\/\/www.europesays.com\/se\/wp-json\/wp\/v2\/types\/post"}],"author":[{"embeddable":true,"href":"https:\/\/www.europesays.com\/se\/wp-json\/wp\/v2\/users\/2"}],"replies":[{"embeddable":true,"href":"https:\/\/www.europesays.com\/se\/wp-json\/wp\/v2\/comments?post=125062"}],"version-history":[{"count":0,"href":"https:\/\/www.europesays.com\/se\/wp-json\/wp\/v2\/posts\/125062\/revisions"}],"wp:featuredmedia":[{"embeddable":true,"href":"https:\/\/www.europesays.com\/se\/wp-json\/wp\/v2\/media\/7167"}],"wp:attachment":[{"href":"https:\/\/www.europesays.com\/se\/wp-json\/wp\/v2\/media?parent=125062"}],"wp:term":[{"taxonomy":"category","embeddable":true,"href":"https:\/\/www.europesays.com\/se\/wp-json\/wp\/v2\/categories?post=125062"},{"taxonomy":"post_tag","embeddable":true,"href":"https:\/\/www.europesays.com\/se\/wp-json\/wp\/v2\/tags?post=125062"}],"curies":[{"name":"wp","href":"https:\/\/api.w.org\/{rel}","templated":true}]}}