{"id":125119,"date":"2026-01-04T08:44:28","date_gmt":"2026-01-04T08:44:28","guid":{"rendered":"https:\/\/www.europesays.com\/se\/125119\/"},"modified":"2026-01-04T08:44:28","modified_gmt":"2026-01-04T08:44:28","slug":"torgny-mogren-attackerar-svenska-herrlandslaget","status":"publish","type":"post","link":"https:\/\/www.europesays.com\/se\/125119\/","title":{"rendered":"Torgny Mogren attackerar svenska herrlandslaget"},"content":{"rendered":"<p>Publicerad 2 jan 2026 kl 11.33Uppdaterad kl 18.20<\/p>\n<p>Torgny Mogren g\u00e5r till attack mot de svenska skidherrarna.\u00a0<\/p>\n<p>Radiosportens expert tycker prestationerna \u00e4r s\u00e5 d\u00e5liga att Sverige inte b\u00f6r fylla laget till OS.\u00a0<\/p>\n<p>\u2013 Det d\u00e4r uttalandet \u00e4r hj\u00e4rnd\u00f6tt, s\u00e4ger Gustaf Berglund.\u00a0<\/p>\n<p><img loading=\"lazy\"   alt=\"\"\/><\/p>\n<p>Svenske skidikonen Torgny Mogren.<\/p>\n<p>Foto: Bertil Ericson \/ TT NYHETSBYR\u00c5N<\/p>\n<p>\u00d6ppna bild i helsk\u00e4rm<img loading=\"lazy\"   alt=\"\"\/><\/p>\n<p>Edvin Anger.<\/p>\n<p>Foto: MAXIM THORE \/ BILDBYR\u00c5N<\/p>\n<p>\u00d6ppna bild i helsk\u00e4rm<img loading=\"lazy\"   alt=\"\"\/><\/p>\n<p>William Poromaa.<\/p>\n<p>Foto: MAXIM THORE \/ BILDBYR\u00c5N<\/p>\n<p>\u00d6ppna bild i helsk\u00e4rm<img alt=\"\"\/>Ljudklippet gick inte att spela upp<\/p>\n<p>F\u00f6rs\u00f6k igen senare<\/p>\n<p>Artikeln i korthet<\/p>\n<p> Torgny Mogren ifr\u00e5gas\u00e4tter om Sverige b\u00f6r fylla herrlaget till OS.<\/p>\n<p> Landslagschefen och tr\u00e4naren sl\u00e5r tillbaka och betonar vikten av erfarenhet f\u00f6r fler \u00e5kare.<\/p>\n<p> Debatt om att bara satsa p\u00e5 medaljkandidater eller ge fler chansen.<\/p>\n<p>Visa mer<\/p>\n<p>Under Tour de ski blev det klart att Sverige kan ta ut \u00e5tta herr\u00e5kare till OS i Milano som b\u00f6rjar om lite mer \u00e4n en m\u00e5nad.\u00a0<\/p>\n<p><a href=\"https:\/\/www.sverigesradio.se\/artikel\/efter-os-beskedet-hittar-inte-atta-som-kan-prestera-pa-nivan\" rel=\"nofollow noopener\" target=\"_blank\">Radiosportens expert Torgny Mogren <\/a>ser dock ingen anledning f\u00f6r Sverige att nyttja alla platserna.\u00a0<\/p>\n<p>\u2013 Jag hittar inte \u00e5tta stycken \u00e5kare som kan prestera p\u00e5 den niv\u00e5n som kr\u00e4vs av SOK (Sveriges olympiska kommitt\u00e9). Vad kan vi ha, tre-fyra stycken max, s\u00e4ger han.\u00a0<\/p>\n<p>\u2013 Vi kanske ska ha en \u00e5ttonde man hemma. Eller tv\u00e5 man till och med, f\u00f6r det \u00e4r inte l\u00e5ngt att \u00e5ka f\u00f6r att komma till Val di Fiemme.\u00a0<\/p>\n<p>Torgny Mogrens attack p\u00e5 herrlandslaget<\/p>\n<p>Landslagschef Anders Bystr\u00f6m ber\u00e4ttar att det \u00e4r en sanning med modifikation att Sverige f\u00e5tt \u00e5tta platser. Sverige har f\u00e5tt \u00e5tta kvotplatser, men sen \u00e4r det upp till SOK att v\u00e4rdera om \u00e5karna som Sverige nominerar f\u00e5r komma med eller inte.\u00a0<\/p>\n<p>Med det sagt, han delar inte Mogrens \u00e5sikt.\u00a0<\/p>\n<p>\u2013 Man kan v\u00e4lja att se p\u00e5 saken positivt eller negativt. Det d\u00e4r \u00e4r verkligen att v\u00e4lja negativt. Jag vet inte hur det var Mogrens tid, om de alltid fyllde platserna d\u00e5, men hade han varit aktiv d\u00e5 s\u00e5 hade han nog velat ha \u00e5kt \u00e4ven om man inte m\u00f6tte SOK:s kriterier fullt ut, s\u00e4ger han i <a href=\"https:\/\/open.spotify.com\/show\/5bgeBGqvAQ253FQBqXsaQm?si=b4ad4830206b423a\" rel=\"nofollow noopener\" target=\"_blank\">Expressens podd Vallaboden.<\/a><\/p>\n<p>Bystr\u00f6m trycker p\u00e5 vikten av att ge \u00e5kare erfarenhet av att t\u00e4vla p\u00e5 den st\u00f6rsta scenen \u2013 \u00e4ven om de inte \u00e4r medaljkandidater.\u00a0<\/p>\n<p>\u2013 Vi kommer inte att ha en medaljchans i alla lopp p\u00e5 herrsidan, det kan vi vara \u00e4rliga med. Men vi beh\u00f6ver folk som t\u00e4vlar d\u00e4r. Skulle alla l\u00e4nder t\u00e4nka som Mogren g\u00f6r, d\u00e5 blir det bara Norge och n\u00e5gon \u00e5kare till som t\u00e4vlar och det tror jag inte att n\u00e5gon vill se.\u00a0<\/p>\n<p>OS-uttagna svenskar<\/p>\n<p>HERRAR:<\/p>\n<p>William Poromaa<\/p>\n<p>Edvin Anger<\/p>\n<p>Anton Grahn<\/p>\n<p>Alvar Myhlback<\/p>\n<p>DAMER:<\/p>\n<p>Jonna Sundling<\/p>\n<p>Frida Karlsson<\/p>\n<p>Ebba Andersson<\/p>\n<p>Johanna Hagstr\u00f6m<\/p>\n<p>Emma Ribom<\/p>\n<p>Moa Ilar<\/p>\n<p>Maja Dahlqvist<\/p>\n<p>Linn Svahn<\/p>\n<p>Visa mer<\/p>\n<p>\u00c5karen Gustaf Berglund, som k\u00e4mpar om en plats i OS-laget, blir f\u00f6rbannad n\u00e4r han h\u00f6r vad Mogren tycker.\u00a0<\/p>\n<p>\u2013 Jag har mycket respekt f\u00f6r Torgny och hans karri\u00e4r, men de d\u00e4r uttalandena \u00e4r hj\u00e4rnd\u00f6da, s\u00e4ger han.\u00a0<\/p>\n<p>\u2013 Med den inst\u00e4llningen kan vi l\u00e4gga ner all l\u00e4ngdskid\u00e5kning i Sverige. Det \u00e4r bara att klappa igen alla anl\u00e4ggningar och allting.\u00a0<\/p>\n<p>Sl\u00e5r tillbaka mot Mogren: \u201dJ\u00e4vligt sv\u00e5rt f\u00f6r det\u201d<\/p>\n<p>Herrtr\u00e4naren Lars Ljung k\u00e4nner precis som Berglund, men uttrycker sig lite f\u00f6rsiktigare.\u00a0<\/p>\n<p>\u2013 Jag kan s\u00e4ga s\u00e5 h\u00e4r&#8230; Jag tror egentligen att b\u00e5de jag och Torgny vill samma sak. Vi saknar toppbredden i Sverige just nu och vi jobbar varje dag med att f\u00e5 den b\u00e4ttre. Men att som Torgny i samma andetag manifestera en linje att det bara \u00e4r v\u00e4rt att satsa p\u00e5 de som \u00e4r medaljkandidater, det tror jag inte p\u00e5, s\u00e4ger han.\u00a0<\/p>\n<p>\u2013 Vi kan inte bara kn\u00e4ppa med fingrarna och ha \u00e5tta etablerade v\u00e4rlds\u00e5kare. Det handlar om att g\u00f6ra bra saker \u00f6ver tid. D\u00e5 har jag j\u00e4vligt sv\u00e5rt f\u00f6r en s\u00e5n tanke att \u201dnej, vi skickar bara de som \u00e4r medaljkandidater och de andra f\u00e5r vara hemma\u201d. D\u00e4r \u00e4r jag v\u00e4ldigt tydlig.\u00a0<\/p>\n<p><strong>Du uttrycker dig diplomatiskt, men man m\u00e4rker att du blir uppr\u00f6rd.\u00a0<\/strong><\/p>\n<p>\u2013 Jag k\u00e4nner med grabbarna. De kliver upp ur s\u00e4ngen varje dag och g\u00f6r allt de kan f\u00f6r att utvecklas till att bli v\u00e4rlds\u00e5kare. D\u00e4rf\u00f6r har jag v\u00e4ldigt sv\u00e5rt att k\u00f6pa Torgnys resonemang. Vi vill ha en toppbredd, d\u00e4r \u00e4r vi \u00f6verens. Att v\u00e4gen dit bara ska vara att satsa p\u00e5 de b\u00e4sta, d\u00e4r \u00e4r vi totalt inte \u00f6verens.\u00a0<\/p>\n","protected":false},"excerpt":{"rendered":"Publicerad 2 jan 2026 kl 11.33Uppdaterad kl 18.20 Torgny Mogren g\u00e5r till attack mot de svenska skidherrarna.\u00a0 Radiosportens&hellip;\n","protected":false},"author":2,"featured_media":125120,"comment_status":"","ping_status":"","sticky":false,"template":"","format":"standard","meta":{"footnotes":""},"categories":[5],"tags":[22,23,26,27,17,21,24,25,28,29,15,16,3235,18,34,857,31,33,32,30,19,20],"class_list":{"0":"post-125119","1":"post","2":"type-post","3":"status-publish","4":"format-standard","5":"has-post-thumbnail","7":"category-rubriker","8":"tag-breaking-news","9":"tag-breakingnews","10":"tag-featured-news","11":"tag-featurednews","12":"tag-headlines","13":"tag-huvudnyheter","14":"tag-latest-news","15":"tag-latestnews","16":"tag-main-news","17":"tag-mainnews","18":"tag-news","19":"tag-nyheter","20":"tag-person-torgny-mogren","21":"tag-rubriker","22":"tag-se","23":"tag-sections-langdskidor","24":"tag-svenska","25":"tag-sverige","26":"tag-sweden","27":"tag-swedish","28":"tag-top-stories","29":"tag-topstories"},"share_on_mastodon":{"url":"https:\/\/pubeurope.com\/@se\/115835952460398212","error":""},"_links":{"self":[{"href":"https:\/\/www.europesays.com\/se\/wp-json\/wp\/v2\/posts\/125119","targetHints":{"allow":["GET"]}}],"collection":[{"href":"https:\/\/www.europesays.com\/se\/wp-json\/wp\/v2\/posts"}],"about":[{"href":"https:\/\/www.europesays.com\/se\/wp-json\/wp\/v2\/types\/post"}],"author":[{"embeddable":true,"href":"https:\/\/www.europesays.com\/se\/wp-json\/wp\/v2\/users\/2"}],"replies":[{"embeddable":true,"href":"https:\/\/www.europesays.com\/se\/wp-json\/wp\/v2\/comments?post=125119"}],"version-history":[{"count":0,"href":"https:\/\/www.europesays.com\/se\/wp-json\/wp\/v2\/posts\/125119\/revisions"}],"wp:featuredmedia":[{"embeddable":true,"href":"https:\/\/www.europesays.com\/se\/wp-json\/wp\/v2\/media\/125120"}],"wp:attachment":[{"href":"https:\/\/www.europesays.com\/se\/wp-json\/wp\/v2\/media?parent=125119"}],"wp:term":[{"taxonomy":"category","embeddable":true,"href":"https:\/\/www.europesays.com\/se\/wp-json\/wp\/v2\/categories?post=125119"},{"taxonomy":"post_tag","embeddable":true,"href":"https:\/\/www.europesays.com\/se\/wp-json\/wp\/v2\/tags?post=125119"}],"curies":[{"name":"wp","href":"https:\/\/api.w.org\/{rel}","templated":true}]}}