{"id":125128,"date":"2026-01-04T08:57:21","date_gmt":"2026-01-04T08:57:21","guid":{"rendered":"https:\/\/www.europesays.com\/se\/125128\/"},"modified":"2026-01-04T08:57:21","modified_gmt":"2026-01-04T08:57:21","slug":"malmos-spelscen-drabbad-av-jobbslakt-global-trend","status":"publish","type":"post","link":"https:\/\/www.europesays.com\/se\/125128\/","title":{"rendered":"Malm\u00f6s spelscen drabbad av jobbslakt: \u201dGlobal trend\u201d"},"content":{"rendered":"<p>Den svenska gamingindustrin har ett tufft \u00e5r bakom sig d\u00e4r flera spelstudior tvingades att s\u00e4ga upp personal eller l\u00e4gga ner. Malm\u00f6 \u00e4r s\u00e4rskilt drabbat d\u00e4r hundratals jobb f\u00f6rsvunn\u2026<\/p>\n<p>Omni \u00e4r politiskt obundna och oberoende. Vi str\u00e4var efter att ge fler perspektiv p\u00e5 nyheterna. Har du fr\u00e5gor eller synpunkter kring v\u00e5r rapportering? <a href=\"https:\/\/omniekonomi.se\/malmos-spelscen-drabbad-av-jobbslakt-global-trend\/a\/mailto:eko@omni.se\" class=\"ArticleActions_contactLink__W2F1M\" rel=\"nofollow noopener\" target=\"_blank\">Kontakta redaktionen<\/a><\/p>\n","protected":false},"excerpt":{"rendered":"Den svenska gamingindustrin har ett tufft \u00e5r bakom sig d\u00e4r flera spelstudior tvingades att s\u00e4ga upp personal eller&hellip;\n","protected":false},"author":2,"featured_media":125129,"comment_status":"","ping_status":"","sticky":false,"template":"","format":"standard","meta":{"footnotes":""},"categories":[65],"tags":[466,72,333,70,71,5200,334,417,34,10411,31,33,32,30],"class_list":{"0":"post-125128","1":"post","2":"type-post","3":"status-publish","4":"format-standard","5":"has-post-thumbnail","7":"category-ekonomi","8":"tag-artificiell-intelligens","9":"tag-business","10":"tag-data","11":"tag-economy","12":"tag-ekonomi","13":"tag-gaming","14":"tag-it-hogteknologi","15":"tag-malmo","16":"tag-se","17":"tag-spelindustri","18":"tag-svenska","19":"tag-sverige","20":"tag-sweden","21":"tag-swedish"},"share_on_mastodon":{"url":"https:\/\/pubeurope.com\/@se\/115836003443392069","error":""},"_links":{"self":[{"href":"https:\/\/www.europesays.com\/se\/wp-json\/wp\/v2\/posts\/125128","targetHints":{"allow":["GET"]}}],"collection":[{"href":"https:\/\/www.europesays.com\/se\/wp-json\/wp\/v2\/posts"}],"about":[{"href":"https:\/\/www.europesays.com\/se\/wp-json\/wp\/v2\/types\/post"}],"author":[{"embeddable":true,"href":"https:\/\/www.europesays.com\/se\/wp-json\/wp\/v2\/users\/2"}],"replies":[{"embeddable":true,"href":"https:\/\/www.europesays.com\/se\/wp-json\/wp\/v2\/comments?post=125128"}],"version-history":[{"count":0,"href":"https:\/\/www.europesays.com\/se\/wp-json\/wp\/v2\/posts\/125128\/revisions"}],"wp:featuredmedia":[{"embeddable":true,"href":"https:\/\/www.europesays.com\/se\/wp-json\/wp\/v2\/media\/125129"}],"wp:attachment":[{"href":"https:\/\/www.europesays.com\/se\/wp-json\/wp\/v2\/media?parent=125128"}],"wp:term":[{"taxonomy":"category","embeddable":true,"href":"https:\/\/www.europesays.com\/se\/wp-json\/wp\/v2\/categories?post=125128"},{"taxonomy":"post_tag","embeddable":true,"href":"https:\/\/www.europesays.com\/se\/wp-json\/wp\/v2\/tags?post=125128"}],"curies":[{"name":"wp","href":"https:\/\/api.w.org\/{rel}","templated":true}]}}