{"id":125130,"date":"2026-01-04T08:59:15","date_gmt":"2026-01-04T08:59:15","guid":{"rendered":"https:\/\/www.europesays.com\/se\/125130\/"},"modified":"2026-01-04T08:59:15","modified_gmt":"2026-01-04T08:59:15","slug":"ingen-ny-valsedel-hinns-med-hundratals-miljoner-trycks","status":"publish","type":"post","link":"https:\/\/www.europesays.com\/se\/125130\/","title":{"rendered":"Ingen ny valsedel hinns med \u2013 hundratals miljoner trycks"},"content":{"rendered":"<p>Valmyndigheten har velat inf\u00f6ra en gemensam valsedel som rymmer alla partier, s\u00e5 att v\u00e4ljarna f\u00e5r kryssa i sitt val p\u00e5 den blanketten. Men inga \u00e4ndringar hinns med inf\u00f6r h\u00f6stens val, rapporterar Sveriges Radio Ekot.<\/p>\n<p>I f\u00f6rra valet trycktes hela 710 miljoner valsedlar. Den stora m\u00e4ngden skapar problem med produktion och distribution, s\u00e4ger Valmyndighetens kanslichef Anna Nyqvist.<\/p>\n<p>\u2013 Men allra mest f\u00f6r v\u00e4ljarna i vallokalerna, att det \u00e4r m\u00e5nga valsedlar att v\u00e4lja p\u00e5, och det tar tid och skapar k\u00f6er.<\/p>\n<p>Omni \u00e4r politiskt obundna och oberoende. Vi str\u00e4var efter att ge fler perspektiv p\u00e5 nyheterna. Har du fr\u00e5gor eller synpunkter kring v\u00e5r rapportering? <a href=\"https:\/\/omni.se\/ingen-ny-valsedel-hinns-med-hundratals-miljoner-trycks\/a\/mailto:redaktion@omni.se\" class=\"ArticleActions_contactLink__W2F1M\" rel=\"nofollow noopener\" target=\"_blank\">Kontakta redaktionen<\/a><\/p>\n","protected":false},"excerpt":{"rendered":"Valmyndigheten har velat inf\u00f6ra en gemensam valsedel som rymmer alla partier, s\u00e5 att v\u00e4ljarna f\u00e5r kryssa i sitt&hellip;\n","protected":false},"author":2,"featured_media":125131,"comment_status":"","ping_status":"","sticky":false,"template":"","format":"standard","meta":{"footnotes":""},"categories":[12],"tags":[22,23,26,27,17,21,24,25,28,29,15,16,369,18,34,31,33,32,30,19,20,3416,13079],"class_list":{"0":"post-125130","1":"post","2":"type-post","3":"status-publish","4":"format-standard","5":"has-post-thumbnail","7":"category-sverige","8":"tag-breaking-news","9":"tag-breakingnews","10":"tag-featured-news","11":"tag-featurednews","12":"tag-headlines","13":"tag-huvudnyheter","14":"tag-latest-news","15":"tag-latestnews","16":"tag-main-news","17":"tag-mainnews","18":"tag-news","19":"tag-nyheter","20":"tag-politik","21":"tag-rubriker","22":"tag-se","23":"tag-svenska","24":"tag-sverige","25":"tag-sweden","26":"tag-swedish","27":"tag-top-stories","28":"tag-topstories","29":"tag-valet-2026","30":"tag-valmyndigheten"},"share_on_mastodon":{"url":"https:\/\/pubeurope.com\/@se\/115836011385044727","error":""},"_links":{"self":[{"href":"https:\/\/www.europesays.com\/se\/wp-json\/wp\/v2\/posts\/125130","targetHints":{"allow":["GET"]}}],"collection":[{"href":"https:\/\/www.europesays.com\/se\/wp-json\/wp\/v2\/posts"}],"about":[{"href":"https:\/\/www.europesays.com\/se\/wp-json\/wp\/v2\/types\/post"}],"author":[{"embeddable":true,"href":"https:\/\/www.europesays.com\/se\/wp-json\/wp\/v2\/users\/2"}],"replies":[{"embeddable":true,"href":"https:\/\/www.europesays.com\/se\/wp-json\/wp\/v2\/comments?post=125130"}],"version-history":[{"count":0,"href":"https:\/\/www.europesays.com\/se\/wp-json\/wp\/v2\/posts\/125130\/revisions"}],"wp:featuredmedia":[{"embeddable":true,"href":"https:\/\/www.europesays.com\/se\/wp-json\/wp\/v2\/media\/125131"}],"wp:attachment":[{"href":"https:\/\/www.europesays.com\/se\/wp-json\/wp\/v2\/media?parent=125130"}],"wp:term":[{"taxonomy":"category","embeddable":true,"href":"https:\/\/www.europesays.com\/se\/wp-json\/wp\/v2\/categories?post=125130"},{"taxonomy":"post_tag","embeddable":true,"href":"https:\/\/www.europesays.com\/se\/wp-json\/wp\/v2\/tags?post=125130"}],"curies":[{"name":"wp","href":"https:\/\/api.w.org\/{rel}","templated":true}]}}