{"id":125132,"date":"2026-01-04T09:00:11","date_gmt":"2026-01-04T09:00:11","guid":{"rendered":"https:\/\/www.europesays.com\/se\/125132\/"},"modified":"2026-01-04T09:00:11","modified_gmt":"2026-01-04T09:00:11","slug":"anklagar-trump-for-att-ha-putiniserat-usas-utrikespolitik","status":"publish","type":"post","link":"https:\/\/www.europesays.com\/se\/125132\/","title":{"rendered":"Anklagar Trump f\u00f6r att ha \u201dPutiniserat\u201d USA:s utrikespolitik"},"content":{"rendered":"<p>Publicerad 4 jan 2026 kl 05.58Uppdaterad kl 07.21<\/p>\n<p>Trump \u201dkopierar\u201d Putin, enligt politiske experten David Rothkopf.<\/p>\n<p>\u201dTrump har tagit \u2019Putiniseringen\u2019 av amerikansk utrikespolitik till n\u00e4sta niv\u00e5\u201d, skriver Rothkopf i <a href=\"https:\/\/www.thedailybeast.com\/trumps-illegal-war-has-the-most-sinister-inspiration-you-can-imagine\/\" rel=\"nofollow noopener\" target=\"_blank\">Daily Beast<\/a>.<\/p>\n<p>Han menar att detta \u201dborde oroa v\u00e4rlden djupt\u201d \u2013 och n\u00e4mner specifikt Gr\u00f6nland som exempel.<\/p>\n<p>Senaste nyhetsklippen fr\u00e5n Expressen.<img   alt=\"\"\/><\/p>\n<p>Vladimir Putin och Donald Trump.<\/p>\n<p>Foto: BENJAMIN APPLEBAUM \/ DOD \/ POLARIS POLARIS IMAGES<\/p>\n<p>\u00d6ppna bild i helsk\u00e4rm<\/p>\n<p>Trump \u201dkopierar Putins doktrin\u201d, enligt politiske experten David Rothkopf.<\/p>\n<p>\u201dMed USA:s oprovocerade och olagliga attack mot Venezuela och gripandet av dess president Nicol\u00e1s Maduro har Trump tagit \u2019Putiniseringen\u2019 av amerikansk utrikespolitik till n\u00e4sta niv\u00e5\u201d, skriver Rothkopf.<\/p>\n<p>Han menar att Trump \u201dvisar ett totalt f\u00f6rakt f\u00f6r internationell och amerikansk lag\u201d.<\/p>\n<p>\u201dDetta har varit Putins strategi i Ukraina. Nu \u00e4r det USA:s strategi i Venezuela\u201d, skriver Rothkopf.<\/p>\n<p>Under de senaste m\u00e5naderna har uttalanden fr\u00e5n Trump och hans medarbetare antytt att den amerikanske presidenten \u201dvill bygga vidare p\u00e5 Putins syns\u00e4tt\u201d, enligt Rothkopf.<\/p>\n<p>\u201dDetta \u00e4r en syn som i praktiken ger stormakter r\u00e4tt att g\u00f6ra som de vill med svagare grannar\u201d, skriver Rothkopf.<\/p>\n<p>\u201dBorde oroa v\u00e4rlden djupt\u201d<\/p>\n<p>Han menar att \u201dTrumps efterapning av Putin borde oroa v\u00e4rlden djupt\u201d efter l\u00f6rdagens angrepp mot Veneuela.<\/p>\n<p>\u201dVad h\u00e4nder med platser som Trump vill ha, som Gr\u00f6nland eller Panama?\u201d, skriver Rothkopf.<\/p>\n<p>Han kallar Putin \u201darkitekten bakom Trumps utrikespolitik\u201d som han beskriver som \u201dskamlig\u201d.<\/p>\n<p>\u201dSj\u00e4lvklart har USA ingen r\u00e4tt att gripa vilken ledare som helst, var som helst i v\u00e4rlden, f\u00f6r vad man \u00e4n anser \u00e4r ett brott. Om det vore en r\u00e4ttighet som alla l\u00e4nder hade skulle till exempel Trump troligen beh\u00f6va tillbringa resten av sitt liv p\u00e5 flykt\u201d, skriver Rothkopf.<\/p>\n<p><img alt=\"\"\/>Ljudklippet gick inte att spela upp<\/p>\n<p>F\u00f6rs\u00f6k igen senare<\/p>\n","protected":false},"excerpt":{"rendered":"Publicerad 4 jan 2026 kl 05.58Uppdaterad kl 07.21 Trump \u201dkopierar\u201d Putin, enligt politiske experten David Rothkopf. \u201dTrump har&hellip;\n","protected":false},"author":2,"featured_media":125133,"comment_status":"","ping_status":"","sticky":false,"template":"","format":"standard","meta":{"footnotes":""},"categories":[5],"tags":[22,23,26,27,17,21,24,25,28,29,15,16,198,203,18,34,55,31,33,32,30,19,204,20],"class_list":{"0":"post-125132","1":"post","2":"type-post","3":"status-publish","4":"format-standard","5":"has-post-thumbnail","7":"category-rubriker","8":"tag-breaking-news","9":"tag-breakingnews","10":"tag-featured-news","11":"tag-featurednews","12":"tag-headlines","13":"tag-huvudnyheter","14":"tag-latest-news","15":"tag-latestnews","16":"tag-main-news","17":"tag-mainnews","18":"tag-news","19":"tag-nyheter","20":"tag-person-donald-trump","21":"tag-person-vladimir-putin","22":"tag-rubriker","23":"tag-se","24":"tag-sections-varlden","25":"tag-svenska","26":"tag-sverige","27":"tag-sweden","28":"tag-swedish","29":"tag-top-stories","30":"tag-topic-amerikansk-politik","31":"tag-topstories"},"share_on_mastodon":{"url":"https:\/\/pubeurope.com\/@se\/115836015243166832","error":""},"_links":{"self":[{"href":"https:\/\/www.europesays.com\/se\/wp-json\/wp\/v2\/posts\/125132","targetHints":{"allow":["GET"]}}],"collection":[{"href":"https:\/\/www.europesays.com\/se\/wp-json\/wp\/v2\/posts"}],"about":[{"href":"https:\/\/www.europesays.com\/se\/wp-json\/wp\/v2\/types\/post"}],"author":[{"embeddable":true,"href":"https:\/\/www.europesays.com\/se\/wp-json\/wp\/v2\/users\/2"}],"replies":[{"embeddable":true,"href":"https:\/\/www.europesays.com\/se\/wp-json\/wp\/v2\/comments?post=125132"}],"version-history":[{"count":0,"href":"https:\/\/www.europesays.com\/se\/wp-json\/wp\/v2\/posts\/125132\/revisions"}],"wp:featuredmedia":[{"embeddable":true,"href":"https:\/\/www.europesays.com\/se\/wp-json\/wp\/v2\/media\/125133"}],"wp:attachment":[{"href":"https:\/\/www.europesays.com\/se\/wp-json\/wp\/v2\/media?parent=125132"}],"wp:term":[{"taxonomy":"category","embeddable":true,"href":"https:\/\/www.europesays.com\/se\/wp-json\/wp\/v2\/categories?post=125132"},{"taxonomy":"post_tag","embeddable":true,"href":"https:\/\/www.europesays.com\/se\/wp-json\/wp\/v2\/tags?post=125132"}],"curies":[{"name":"wp","href":"https:\/\/api.w.org\/{rel}","templated":true}]}}