{"id":125164,"date":"2026-01-04T09:41:20","date_gmt":"2026-01-04T09:41:20","guid":{"rendered":"https:\/\/www.europesays.com\/se\/125164\/"},"modified":"2026-01-04T09:41:20","modified_gmt":"2026-01-04T09:41:20","slug":"maduro-fran-haktet-i-new-york-god-natt","status":"publish","type":"post","link":"https:\/\/www.europesays.com\/se\/125164\/","title":{"rendered":"Maduro fr\u00e5n h\u00e4ktet i New York \u2013 \u201dGod natt\u201d"},"content":{"rendered":"<p>Maduro och hans likaledes brottsmisst\u00e4nkta hustru Cilia Flores landade under natten p\u00e5 Manhattan och har d\u00e4refter f\u00f6rts med kortege till h\u00e4ktet Metropolitan Detention Center i Brooklyn. Skaror av Maduro-oppositionella demonstranter hade samlats utanf\u00f6r byggnaden d\u00e4r bland andra Honduras expresident Juan Orlando Hern\u00e1ndez suttit, liksom \u00f6k\u00e4nda ekobrottslingarna Sam Bankman-Fried och Martin Shkreli samt sexualf\u00f6rbrytarna R Kelly och Sean Combs.<\/p>\n<p><strong>Bilder paraderas p\u00e5 Maduro i<\/strong> amerikanskt frihetsber\u00f6vande \u2013 fr\u00e5n hangarskeppet USS Iwo Jima i Karibiska havet via en helikopter p\u00e5 en flygplats i New York till den amerikanska r\u00e4ttsapparatens korridorer. \u201dGod natt&#8230; gott nytt \u00e5r\u201d s\u00e4ger han p\u00e5 engelska i <a href=\"https:\/\/x.com\/PaulDMauro\/status\/2007624542156660903\" rel=\"nofollow\">en video<\/a> som publicerats av en Fox News-reporter och skickats vidare av Vita huset.<\/p>\n<p>Vita husets huvudkonto p\u00e5 X har ocks\u00e5 gjort upp <a href=\"https:\/\/x.com\/WhiteHouse\/status\/2007557671705293009\" rel=\"nofollow\">ett triumfatoriskt inl\u00e4gg<\/a> om gripandet. Bland annat h\u00f6rs utrikesminister Marco Rubio s\u00e4ga \u201dom du inte vet, nu vet du\u201d riktat till den som tvivlat p\u00e5 att Trump skulle g\u00e5 fr\u00e5n ord till handling \u2013 klippet \u00e4r ljudsatt med Puff Daddy-producerade Notorious BIG:s \u201dHypnotize\u201d fr\u00e5n samma skiva med l\u00e5ten \u201dJuicy\u201d som har det bevingade citatet.<\/p>\n<p>          <img decoding=\"async\" class=\"picture__img\" src=\"https:\/\/www.europesays.com\/se\/wp-content\/uploads\/2026\/01\/ce540f7f-6deb-4487-9a90-3f19d107ad43.jpeg\"   alt=\"Skaror av Maduro-oppositionella demonstranter utanf\u00f6r h\u00e4ktet.\"\/><\/p>\n<p>      Skaror av Maduro-oppositionella demonstranter utanf\u00f6r h\u00e4ktet.<\/p>\n<p>      Foto: Jaysun Silver\/Shutterstock<\/p>\n<p>Den gripna latinamerikanska statschefen har under natten bytt fr\u00e5n sin gr\u00e5 tr\u00f6ja i Caracas till den ljusbl\u00e5 p\u00e5 resan mot USA till den svarta i den amerikanska narkotikapolismyndigheten DEA:s f\u00f6rvar i New York f\u00f6r att lagf\u00f6ras i federala domstolen Southern District of New York. Samma domstol som f\u00f6rklarade Trump skyldig p\u00e5 34 \u00e5talspunkter om s\u00e5 kallade \u201dhyschpengar\u201d f\u00f6r en sexuell aff\u00e4r med porrstj\u00e4rnan Stormy Daniels.<\/p>\n<p>          Fakta.Misstankarna mot Nicol\u00e1s Maduro<\/p>\n<p>\u25cf Amerikanska justitiedepartementet h\u00e4vdar att Venezuelas president Nicol\u00e1s Maduro varit ledare f\u00f6r narkotikasmugglande Cartel de los Soles i \u00f6ver ett decennium. Sedan den 25 juli 2025 \u00e4r kartellen definierad som global terroristorganisation av amerikanska myndigheter.<\/p>\n<p>\u25cf De amerikanska \u00e5klagarnas formella misstankar mot honom och fjorton andra venezuelaner \u00e4r bland annat \u201dknarkterrorism\u201d, korruption och narkotikahandel. Brottstiden ska str\u00e4cka sig \u00f6ver tjugo \u00e5r och i n\u00e4ra samarbete med Farc-gerillan.<\/p>\n<p>\u25cf Amerikanska myndigheter har utlyst en rekordh\u00f6g bel\u00f6ning p\u00e5 50 miljoner dollar f\u00f6r den som l\u00e4mnar uppgifter som leder till gripande eller dom mot Maduro och ytterligare h\u00f6ga summor f\u00f6r andra i den venezuelanska ledningen.<\/p>\n<p>            Visa mer<\/p>\n<p>            Visa mindre<\/p>\n<p>Det \u00e4r i f\u00f6rsta hand droger, men ocks\u00e5 vapen, som amerikanska \u00e5klagare sedan 2020 \u00e5talat Maduro f\u00f6r att smuggla till USA. Den venezuelanske ledaren v\u00e4ntas bli formellt delgiven misstanke i en federal domstol p\u00e5 Manhattan n\u00e4sta vecka, skriver CNN.<\/p>\n<p><strong>Allierade har reagerat f\u00f6rsiktigt p\u00e5<\/strong> Trumps beslut att agera milit\u00e4rt p\u00e5 en annan stats suver\u00e4na territorium. Experter har dock p\u00e5pekat att det i princip och p\u00e5 flera vis strider mot internationell r\u00e4tt att genomf\u00f6ra milit\u00e4ra eller polisi\u00e4ra operationer i fr\u00e4mmande stat.<\/p>\n<p>Ocks\u00e5 inom USA riktar ledande profiler kritik mot Vita husets beslut att gripa Maduro. Hans tidigare tillskyndare Marjorie Taylor Greene och Thomas Massie h\u00f6r till de som p\u00e5 flera vis har uttryckt motst\u00e5nd och Demokraternas senatsledare Chuck Schumer kallar tilltaget dumdristigt.<\/p>\n<p>          <img decoding=\"async\" class=\"picture__img\" src=\"https:\/\/www.europesays.com\/se\/wp-content\/uploads\/2026\/01\/d457637d-ebb5-4c1b-a9e6-31224d144dd7.jpeg\"   alt=\"Delcy Rodriguez\"\/><\/p>\n<p>      Delcy Rodriguez<\/p>\n<p>      Foto: Juan Barreto<\/p>\n<p>Andra kritiker, b\u00e5de inom och utom USA, anklagar Trump f\u00f6r att ha ekonomiska intressen bortom de uttalade m\u00e5len att stoppa narkotikasmugglingen eller ge det venezuelanska folket m\u00f6jlighet till demokrati. Det r\u00f6r i f\u00f6rsta hand om Venezuelas v\u00e4rldsledande oljetillg\u00e5ngar.<\/p>\n<p><strong>Trump har nu sagt att man tills vidare<\/strong> ska kontrollera Venezuela fr\u00e5n mer eller mindre amerikanskt h\u00e5ll. Den venezuelanska h\u00f6gsta domstolen har tills vidare beslutat att vicepresident Delcy Rodriguez ska leda landet.<\/p>\n<p>\u2013 Vi kommer att l\u00e5ta v\u00e5ra mycket stora amerikanska oljebolag \u2013 de st\u00f6rsta i v\u00e4rlden \u2013 g\u00e5 in, spendera miljarder dollar, sade Trump p\u00e5 en presskonferens efter Maduros gripande.<\/p>\n<p>Nicol\u00e1s Maduro var ett r\u00f6tt skynke f\u00f6r Donald Trump redan under f\u00f6rsta mandatperioden, men det \u00e4r f\u00f6rst nu han han g\u00e5tt fr\u00e5n ord till handling. Med anklagelser om systematisk narkotikahandel har den amerikanska presidenten gett klartecken f\u00f6r att l\u00e5ta amerikanska styrkor gripa den venezuelanska statschefen p\u00e5 sin egen mark.<\/p>\n","protected":false},"excerpt":{"rendered":"Maduro och hans likaledes brottsmisst\u00e4nkta hustru Cilia Flores landade under natten p\u00e5 Manhattan och har d\u00e4refter f\u00f6rts med&hellip;\n","protected":false},"author":2,"featured_media":125165,"comment_status":"","ping_status":"","sticky":false,"template":"","format":"standard","meta":{"footnotes":""},"categories":[14],"tags":[22,23,26,27,17,21,24,25,28,29,15,16,18,34,31,33,32,30,19,20,51,52,53,54],"class_list":{"0":"post-125164","1":"post","2":"type-post","3":"status-publish","4":"format-standard","5":"has-post-thumbnail","7":"category-varlden","8":"tag-breaking-news","9":"tag-breakingnews","10":"tag-featured-news","11":"tag-featurednews","12":"tag-headlines","13":"tag-huvudnyheter","14":"tag-latest-news","15":"tag-latestnews","16":"tag-main-news","17":"tag-mainnews","18":"tag-news","19":"tag-nyheter","20":"tag-rubriker","21":"tag-se","22":"tag-svenska","23":"tag-sverige","24":"tag-sweden","25":"tag-swedish","26":"tag-top-stories","27":"tag-topstories","28":"tag-varlden","29":"tag-world","30":"tag-world-news","31":"tag-worldnews"},"share_on_mastodon":{"url":"https:\/\/pubeurope.com\/@se\/115836176444073322","error":""},"_links":{"self":[{"href":"https:\/\/www.europesays.com\/se\/wp-json\/wp\/v2\/posts\/125164","targetHints":{"allow":["GET"]}}],"collection":[{"href":"https:\/\/www.europesays.com\/se\/wp-json\/wp\/v2\/posts"}],"about":[{"href":"https:\/\/www.europesays.com\/se\/wp-json\/wp\/v2\/types\/post"}],"author":[{"embeddable":true,"href":"https:\/\/www.europesays.com\/se\/wp-json\/wp\/v2\/users\/2"}],"replies":[{"embeddable":true,"href":"https:\/\/www.europesays.com\/se\/wp-json\/wp\/v2\/comments?post=125164"}],"version-history":[{"count":0,"href":"https:\/\/www.europesays.com\/se\/wp-json\/wp\/v2\/posts\/125164\/revisions"}],"wp:featuredmedia":[{"embeddable":true,"href":"https:\/\/www.europesays.com\/se\/wp-json\/wp\/v2\/media\/125165"}],"wp:attachment":[{"href":"https:\/\/www.europesays.com\/se\/wp-json\/wp\/v2\/media?parent=125164"}],"wp:term":[{"taxonomy":"category","embeddable":true,"href":"https:\/\/www.europesays.com\/se\/wp-json\/wp\/v2\/categories?post=125164"},{"taxonomy":"post_tag","embeddable":true,"href":"https:\/\/www.europesays.com\/se\/wp-json\/wp\/v2\/tags?post=125164"}],"curies":[{"name":"wp","href":"https:\/\/api.w.org\/{rel}","templated":true}]}}