{"id":125170,"date":"2026-01-04T09:50:07","date_gmt":"2026-01-04T09:50:07","guid":{"rendered":"https:\/\/www.europesays.com\/se\/125170\/"},"modified":"2026-01-04T09:50:07","modified_gmt":"2026-01-04T09:50:07","slug":"fortsatt-kyla-varningar-och-stromlost-i-landet","status":"publish","type":"post","link":"https:\/\/www.europesays.com\/se\/125170\/","title":{"rendered":"Fortsatt kyla, varningar och str\u00f6ml\u00f6st i landet"},"content":{"rendered":"<p>SMHI har sedan tidigare varnat f\u00f6r kraftiga sn\u00f6byar p\u00e5 upp till 15 centimeter sn\u00f6 som kan ge trafikproblem i nord\u00f6stra Sm\u00e5land, syd\u00f6stra \u00d6sterg\u00f6tland och norra \u00d6land. Gul varning g\u00e4ller under hela s\u00f6ndagen fram till klockan 19 i kv\u00e4ll.<\/p>\n<p>Helgens sn\u00f6 har fr\u00e4mst fallit i mellersta och s\u00f6dra Sverige. I Oskarshamn har exempelvis hela 51 centimeter uppm\u00e4tts.<\/p>\n<p>Det st\u00e4mmer ganska v\u00e4l med vad vi t\u00e4nkte. Vi v\u00e4ntade oss stora m\u00e4ngder i \u00f6stra Sveland i g\u00e5r (l\u00f6rdag) och s\u00e5 blev det, och samma sak med delar av \u00f6stra G\u00f6taland, s\u00e4ger Toni Fuentes, meteorolog p\u00e5 SMHI.<\/p>\n<p>40 minus i f\u00e4llen<\/p>\n<p>Kylan har ocks\u00e5 kopplat greppet om landet, och just nu r\u00e5der det minusgrader i n\u00e4stan hela Sverige. Endast tv\u00e5 m\u00e4tstationer \u2013 en p\u00e5 \u00d6land och en p\u00e5 Gotland \u2013 har rapporterat plusgrader. I Gielas i V\u00e4sterbotten uppm\u00e4ttes 40 minusgrader under natten, vilket \u00e4r k\u00f6ldrekord f\u00f6r denna vinter.<\/p>\n<p>Det \u00e4r r\u00e4tt kallt i stora delar av norra Norrland, med 30\u201335 minusgrader eller kallare.<\/p>\n<p>Dessutom g\u00e4ller gul varning \u00e4ven f\u00f6r norra Gotland med 5-10 centimeter sn\u00f6, lokalt omkring 15 centimeter. Denna varning g\u00e4ller fram till klockan 10 p\u00e5 s\u00f6ndag. F\u00f6r n\u00e4sta vecka finns d\u00e4remot inga varningar utf\u00e4rdade, men SMHI utesluter inte att de kan komma.<\/p>\n<p>Vi har fortfarande en del sn\u00f6fall i framf\u00f6rallt s\u00f6dra Sverige, s\u00e5 det \u00e4r bra att ha koll p\u00e5 eventuella varningar inf\u00f6r m\u00e5ndag och tisdag.<\/p>\n<p>Fortfarande str\u00f6ml\u00f6st<\/p>\n<p>Cirka 5\u00a0500 abonnenter var p\u00e5 s\u00f6ndagsmorgonen utan el, enligt Svenska kraftn\u00e4t. De allra flesta av de drabbade, cirka 2\u00a0700 abonnenter, finns i G\u00e4vletrakten och delar av Dalarna. Det \u00e4r oklart hur m\u00e5nga av dessa som har haft elavbrott sedan stormen Johannes och hur stor andel som drabbats av helgens sn\u00f6ov\u00e4der, stormen Anna, som ocks\u00e5 slagit h\u00e5rt mot regionen.<\/p>\n<p>\u201dDet extrema v\u00e4dret har p\u00e5verkat elf\u00f6rs\u00f6rjningen i delar av landet. Avbrotten har skett i region- och lokaln\u00e4ten, d\u00e4r n\u00e4tbolagen nu arbetar intensivt med att hantera konsekvenserna av stormen och \u00e5terst\u00e4lla elf\u00f6rs\u00f6rjningen\u201d, skriver Svenska kraftn\u00e4t p\u00e5 sin hemsida.<\/p>\n<p>Eln\u00e4tsbolaget Ellevio har p\u00e5 sin hemsida registrerat drygt 1\u00a0200 kunder i G\u00e4vleborgs l\u00e4n som drabbade av str\u00f6mavbrott just nu. Till det kommer ett hundratal i Stockholms l\u00e4n, kring Nyn\u00e4shamn respektive \u00c5kersberga.<\/p>\n","protected":false},"excerpt":{"rendered":"SMHI har sedan tidigare varnat f\u00f6r kraftiga sn\u00f6byar p\u00e5 upp till 15 centimeter sn\u00f6 som kan ge trafikproblem&hellip;\n","protected":false},"author":2,"featured_media":125171,"comment_status":"","ping_status":"","sticky":false,"template":"","format":"standard","meta":{"footnotes":""},"categories":[12],"tags":[22,23,26,27,17,21,24,25,28,29,15,16,18,34,31,33,32,30,19,20],"class_list":{"0":"post-125170","1":"post","2":"type-post","3":"status-publish","4":"format-standard","5":"has-post-thumbnail","7":"category-sverige","8":"tag-breaking-news","9":"tag-breakingnews","10":"tag-featured-news","11":"tag-featurednews","12":"tag-headlines","13":"tag-huvudnyheter","14":"tag-latest-news","15":"tag-latestnews","16":"tag-main-news","17":"tag-mainnews","18":"tag-news","19":"tag-nyheter","20":"tag-rubriker","21":"tag-se","22":"tag-svenska","23":"tag-sverige","24":"tag-sweden","25":"tag-swedish","26":"tag-top-stories","27":"tag-topstories"},"share_on_mastodon":{"url":"https:\/\/pubeurope.com\/@se\/115836211979255529","error":""},"_links":{"self":[{"href":"https:\/\/www.europesays.com\/se\/wp-json\/wp\/v2\/posts\/125170","targetHints":{"allow":["GET"]}}],"collection":[{"href":"https:\/\/www.europesays.com\/se\/wp-json\/wp\/v2\/posts"}],"about":[{"href":"https:\/\/www.europesays.com\/se\/wp-json\/wp\/v2\/types\/post"}],"author":[{"embeddable":true,"href":"https:\/\/www.europesays.com\/se\/wp-json\/wp\/v2\/users\/2"}],"replies":[{"embeddable":true,"href":"https:\/\/www.europesays.com\/se\/wp-json\/wp\/v2\/comments?post=125170"}],"version-history":[{"count":0,"href":"https:\/\/www.europesays.com\/se\/wp-json\/wp\/v2\/posts\/125170\/revisions"}],"wp:featuredmedia":[{"embeddable":true,"href":"https:\/\/www.europesays.com\/se\/wp-json\/wp\/v2\/media\/125171"}],"wp:attachment":[{"href":"https:\/\/www.europesays.com\/se\/wp-json\/wp\/v2\/media?parent=125170"}],"wp:term":[{"taxonomy":"category","embeddable":true,"href":"https:\/\/www.europesays.com\/se\/wp-json\/wp\/v2\/categories?post=125170"},{"taxonomy":"post_tag","embeddable":true,"href":"https:\/\/www.europesays.com\/se\/wp-json\/wp\/v2\/tags?post=125170"}],"curies":[{"name":"wp","href":"https:\/\/api.w.org\/{rel}","templated":true}]}}