{"id":125172,"date":"2026-01-04T09:51:15","date_gmt":"2026-01-04T09:51:15","guid":{"rendered":"https:\/\/www.europesays.com\/se\/125172\/"},"modified":"2026-01-04T09:51:15","modified_gmt":"2026-01-04T09:51:15","slug":"aik-sparkar-mikkjal-thomassen","status":"publish","type":"post","link":"https:\/\/www.europesays.com\/se\/125172\/","title":{"rendered":"AIK sparkar Mikkjal Thomassen"},"content":{"rendered":"<p><img decoding=\"async\" class=\"image-asset hyperion-css-n6kkq1\" data-test-tag=\"image-asset\" src=\"https:\/\/www.europesays.com\/se\/wp-content\/uploads\/2026\/01\/1767520274_144_7880ed3d-dabd-4b99-9571-acf16c8f31e9.jpeg\"  alt=\"\"  loading=\"lazy\" fetchpriority=\"auto\" style=\"aspect-ratio:1900 \/ 1900\"\/><img decoding=\"async\" class=\"image-asset hyperion-css-n6kkq1\" data-test-tag=\"image-asset\" src=\"https:\/\/www.europesays.com\/se\/wp-content\/uploads\/2026\/01\/1767520275_216_be766d86-0a01-427b-a374-88c037ad4655.png\"  alt=\"\"  loading=\"lazy\" fetchpriority=\"auto\" style=\"aspect-ratio:1900 \/ 1900\"\/><\/p>\n<p class=\"boxtextgrotesk-root_baa6 hyperion-css-1w346fg\">Uppdaterad 10.08 | Publicerad 10.03<\/p>\n<p>share-arrowDela<\/p>\n<p>unsaveSpara<\/p>\n<p>Lyssna p\u00e5 artikelnLyssna p\u00e5&#8230;<\/p>\n<p class=\"hyperion-css-1shl3oz\" data-test-tag=\"lead-text\">I oktober kunde Sportbladet avsl\u00f6ja att Mikkjal Thomassen, 49, var p\u00e5 v\u00e4g att l\u00e4mna AIK.<\/p>\n<p class=\"hyperion-css-1shl3oz\" data-test-tag=\"lead-text\">S\u00e5 blir nu fallet.<\/p>\n<p class=\"hyperion-css-1shl3oz\" data-test-tag=\"lead-text\">Thomassen sparkas av AIK.<\/p>\n<p class=\"hyperion-css-1shl3oz\" data-test-tag=\"lead-text\">\u2013 Jag kommer alltid vara en AIK-supporter, s\u00e4ger han i ett pressmeddelande. <\/p>\n<p>expand-left<\/p>\n<p>helsk\u00e4rm<img decoding=\"async\" class=\"image-asset hyperion-css-u06ts1\" data-test-tag=\"image-asset\" src=\"https:\/\/www.europesays.com\/se\/wp-content\/uploads\/2026\/01\/591bf1d1-6389-43ee-b30d-eaed19dcd9fb.jpeg\"  alt=\"Mikkjal Thomassen.\"  loading=\"eager\" fetchpriority=\"high\" style=\"aspect-ratio:1900 \/ 1267\"\/>Mikkjal Thomassen. Foto: Jonathan N\u00e4ckstrand \/ Bildbyr\u00e5n<\/p>\n<p class=\"hyperion-css-1v9qo5x\">Redan i oktober kunde <a data-test-tag=\"internal-link\" href=\"https:\/\/www.aftonbladet.se\/sportbladet\/fotboll\/a\/jQ8JyL\/aik-2026-thomassen-pa-vag-bort-och-rivalens-chef-toppkandidat\" class=\"hyperion-css-15jkft9\" rel=\"nofollow noopener\" target=\"\" aria-label=\"Sportbladet\" theme=\"sportbladet\">Sportbladet<\/a> avsl\u00f6ja att Mikkjal Thomassen v\u00e4ntades l\u00e4mna AIK. Bara n\u00e5gon vecka senare kollade klubben l\u00e4get med ett antal tr\u00e4nare, enligt <a data-test-tag=\"internal-link\" href=\"https:\/\/www.aftonbladet.se\/sportbladet\/fotboll\/a\/wgy091\/avslojar-aik-s-mikkjal-thomassen-kan-sparkas-inom-kort\" class=\"hyperion-css-15jkft9\" rel=\"nofollow noopener\" target=\"\" aria-label=\"Sportbladets uppgifter\" theme=\"sportbladet\">Sportbladets uppgifter<\/a>.<\/p>\n<p class=\"hyperion-css-1v9qo5x\">Nu st\u00e5r det klart att Mikkjal Thomassen l\u00e4mnar AIK.<\/p>\n<p class=\"hyperion-css-1v9qo5x\">\u2013 Det har varit en \u00e4ra och ett ansvar som jag har tagit p\u00e5 mig med allt vad jag har, varje sekund jag har f\u00e5tt tj\u00e4na er, s\u00e4ger han i ett pressmeddelande. <\/p>\n<p class=\"hyperion-css-1v9qo5x\">Thomassen forts\u00e4tter: <\/p>\n<p class=\"hyperion-css-1v9qo5x\">\u2013 Tack till \u201dNorra st\u00e5\u201d och alla som har st\u00f6ttat laget med enorm styrka. Det har varit fantastiskt att uppleva ert st\u00f6d och er uppmuntran. St\u00f6d laget med allt ni har i kommande tider, de beh\u00f6ver st\u00f6det. Jag kommer alltid att vara en AIK-supporter med er och b\u00e4ra klubben i mitt hj\u00e4rta. Jag ser fram emot att komma tillbaka som en av er f\u00f6r att st\u00f6tta klubben och laget.<\/p>\n<p>\u201dTror klubben och laget blir b\u00e4ttre\u201d<\/p>\n<p class=\"hyperion-css-1v9qo5x\">Thomassen hade ett \u00e5r kvar p\u00e5 sitt kontrakt. Han anst\u00e4lldes av AIK sommaren 2024. Totalt blev det 55 matcher som huvudtr\u00e4nare f\u00f6r AIK. <\/p>\n<p class=\"hyperion-css-1v9qo5x\">\u2013\u00a0N\u00e4r vi nu v\u00e4ljer att skifta chefstr\u00e4nare \u00e4r det f\u00f6r att vi tror att laget och klubben kommer att bli b\u00e4ttre med en annan ledare de kommande \u00e5ren. Jag vill d\u00e4rf\u00f6r rikta mitt varma tack till Mikkjal f\u00f6r hans insatser som chefstr\u00e4nare f\u00f6r AIK, s\u00e4ger AIK:s klubbdirekt\u00f6r &amp; VD, Fredrik S\u00f6derberg. <\/p>\n<p class=\"hyperion-css-1v9qo5x\">Spelarna kommer att \u00e5tersamlas p\u00e5 Karlbergs tr\u00e4ningsanl\u00e4ggning den 5:e januari, och den 7:e kommer det f\u00f6rsta tr\u00e4ningspasset att genomf\u00f6ras. D\u00e5 \u00e4r det befintlig tr\u00e4narstab som kommer att leda laget. <\/p>\n","protected":false},"excerpt":{"rendered":"Uppdaterad 10.08 | Publicerad 10.03 share-arrowDela unsaveSpara Lyssna p\u00e5 artikelnLyssna p\u00e5&#8230; I oktober kunde Sportbladet avsl\u00f6ja att Mikkjal&hellip;\n","protected":false},"author":2,"featured_media":125173,"comment_status":"","ping_status":"","sticky":false,"template":"","format":"standard","meta":{"footnotes":""},"categories":[5],"tags":[22,23,26,27,17,21,24,25,28,29,15,16,18,34,31,33,32,30,19,20],"class_list":{"0":"post-125172","1":"post","2":"type-post","3":"status-publish","4":"format-standard","5":"has-post-thumbnail","7":"category-rubriker","8":"tag-breaking-news","9":"tag-breakingnews","10":"tag-featured-news","11":"tag-featurednews","12":"tag-headlines","13":"tag-huvudnyheter","14":"tag-latest-news","15":"tag-latestnews","16":"tag-main-news","17":"tag-mainnews","18":"tag-news","19":"tag-nyheter","20":"tag-rubriker","21":"tag-se","22":"tag-svenska","23":"tag-sverige","24":"tag-sweden","25":"tag-swedish","26":"tag-top-stories","27":"tag-topstories"},"share_on_mastodon":{"url":"https:\/\/pubeurope.com\/@se\/115836215786826512","error":""},"_links":{"self":[{"href":"https:\/\/www.europesays.com\/se\/wp-json\/wp\/v2\/posts\/125172","targetHints":{"allow":["GET"]}}],"collection":[{"href":"https:\/\/www.europesays.com\/se\/wp-json\/wp\/v2\/posts"}],"about":[{"href":"https:\/\/www.europesays.com\/se\/wp-json\/wp\/v2\/types\/post"}],"author":[{"embeddable":true,"href":"https:\/\/www.europesays.com\/se\/wp-json\/wp\/v2\/users\/2"}],"replies":[{"embeddable":true,"href":"https:\/\/www.europesays.com\/se\/wp-json\/wp\/v2\/comments?post=125172"}],"version-history":[{"count":0,"href":"https:\/\/www.europesays.com\/se\/wp-json\/wp\/v2\/posts\/125172\/revisions"}],"wp:featuredmedia":[{"embeddable":true,"href":"https:\/\/www.europesays.com\/se\/wp-json\/wp\/v2\/media\/125173"}],"wp:attachment":[{"href":"https:\/\/www.europesays.com\/se\/wp-json\/wp\/v2\/media?parent=125172"}],"wp:term":[{"taxonomy":"category","embeddable":true,"href":"https:\/\/www.europesays.com\/se\/wp-json\/wp\/v2\/categories?post=125172"},{"taxonomy":"post_tag","embeddable":true,"href":"https:\/\/www.europesays.com\/se\/wp-json\/wp\/v2\/tags?post=125172"}],"curies":[{"name":"wp","href":"https:\/\/api.w.org\/{rel}","templated":true}]}}