{"id":125178,"date":"2026-01-04T09:58:11","date_gmt":"2026-01-04T09:58:11","guid":{"rendered":"https:\/\/www.europesays.com\/se\/125178\/"},"modified":"2026-01-04T09:58:11","modified_gmt":"2026-01-04T09:58:11","slug":"polisens-varning-till-buskorarna-i-ovadret-har-ringt-hela-natten","status":"publish","type":"post","link":"https:\/\/www.europesays.com\/se\/125178\/","title":{"rendered":"Polisens varning till busk\u00f6rarna \u2013 i ov\u00e4dret: \u201dHar ringt hela natten\u201d"},"content":{"rendered":"<p><a data-test-tag=\"internal-link\" href=\"https:\/\/www.aftonbladet.se\/av\/albin-almqvist\" class=\"hyperion-css-13ns1rr\" rel=\"nofollow noopener\" target=\"\" aria-label=\"Se alla artiklar av Albin Almqvist\"><img decoding=\"async\" class=\"image-asset hyperion-css-n6kkq1\" data-test-tag=\"image-asset\" src=\"https:\/\/www.europesays.com\/se\/wp-content\/uploads\/2026\/01\/1767520690_428_a6ce5bb6-c605-4745-9ae0-580a508a5022.png\"  alt=\"\"  loading=\"lazy\" fetchpriority=\"auto\" style=\"aspect-ratio:1900 \/ 1900\"\/><\/a>share-arrowDela<\/p>\n<p>unsaveSpara<\/p>\n<p>expand-left<\/p>\n<p>helsk\u00e4rm<img decoding=\"async\" class=\"image-asset hyperion-css-u06ts1\" data-test-tag=\"image-asset\" src=\"https:\/\/www.europesays.com\/se\/wp-content\/uploads\/2026\/01\/0235e62a-88e2-43ca-864b-bea1b19dea6c.jpeg\"  alt=\"\"  loading=\"eager\" fetchpriority=\"high\" style=\"aspect-ratio:1900 \/ 1267\"\/> Foto: Tim Aro\/Svd\/TT \/ Svenska Dagbladet<\/p>\n<p class=\"hyperion-css-1shl3oz\" data-test-tag=\"lead-text\">Sn\u00f6ov\u00e4dret Anna har f\u00f6rt med sig en hel del halkiga v\u00e4gar. <\/p>\n<p class=\"hyperion-css-1shl3oz\" data-test-tag=\"lead-text\">D\u00e5 passar ungdomarna p\u00e5 \u2013 att dra ut och sladda.  <\/p>\n<p class=\"hyperion-css-1shl3oz\" data-test-tag=\"lead-text\">\u2013 Det \u00e4r m\u00e5nga unga f\u00f6rare som testar gr\u00e4nserna, s\u00e4ger Anders Dahlman hos polisen.<\/p>\n<p class=\"hyperion-css-1v9qo5x\">Sn\u00f6n ligger tung p\u00e5 m\u00e5nga platser i landet, efter ov\u00e4dret Annas framfart. <\/p>\n<p class=\"hyperion-css-1v9qo5x\">Vinterv\u00e4glaget har f\u00f6rt med sig en hel del dikesk\u00f6rningar och andra sladdolyckor. <\/p>\n<p>expand-left<\/p>\n<p>helsk\u00e4rm<img decoding=\"async\" class=\"image-asset hyperion-css-u06ts1\" data-test-tag=\"image-asset\" src=\"https:\/\/www.europesays.com\/se\/wp-content\/uploads\/2026\/01\/a73fbf87-7555-4700-88a2-06fbdf663621.jpeg\"  alt=\"\"  loading=\"eager\" fetchpriority=\"high\" style=\"aspect-ratio:1900 \/ 1267\"\/> Foto: Fredrik Sandberg\/TT \/ TT Nyhetsbyr\u00e5n<\/p>\n<p class=\"hyperion-css-1v9qo5x\">Men det finns ocks\u00e5 de som sladdar med flit.<\/p>\n<p class=\"hyperion-css-1v9qo5x\">\u2013 Det har inkommit samtal hela natten och morgonen om bilar som sladdar och varvar och f\u00f6r v\u00e4sen i b\u00e5de bostadsomr\u00e5den och p\u00e5 landsv\u00e4gar, s\u00e4ger Anders Dahlman, presstalesperson hos polisen i Bergslagen. <\/p>\n<p class=\"hyperion-css-1v9qo5x\">\u2013 Det \u00e4r m\u00e5nga som passar p\u00e5 att busk\u00f6ra n\u00e4r det blir vinterv\u00e4glag, forts\u00e4tter han.<\/p>\n<p class=\"hyperion-css-1v9qo5x\">De allra flesta som polisen kontrollerat f\u00f6r olika typer av busk\u00f6rning under sn\u00f6ov\u00e4dret \u00e4r A-traktorf\u00f6rare, eller yngre personer som relativt nyligen tagit k\u00f6rkort. <\/p>\n<p class=\"hyperion-css-1v9qo5x\">\u2013 Det \u00e4r m\u00e5nga unga f\u00f6rare som testar gr\u00e4nserna s\u00e5dana h\u00e4r g\u00e5nger. Man m\u00e5ste komma ih\u00e5g att man har ett k\u00f6rkort och d\u00e5 m\u00e5ste man f\u00f6lja trafikreglerna, oavsett vad det \u00e4r f\u00f6r v\u00e4glag, s\u00e4ger Ander Dahlman.<\/p>\n<p>expand-left<\/p>\n<p>helsk\u00e4rm<img decoding=\"async\" class=\"image-asset hyperion-css-u06ts1\" data-test-tag=\"image-asset\" src=\"https:\/\/www.europesays.com\/se\/wp-content\/uploads\/2026\/01\/2af420dc-6d33-4af4-96b6-7d560153f390.jpeg\"  alt=\"\"  loading=\"eager\" fetchpriority=\"high\" style=\"aspect-ratio:1900 \/ 1267\"\/> Foto: Sam Hedman \/ TT \/ TT Nyhetsbyr\u00e5n<\/p>\n<p class=\"hyperion-css-1v9qo5x\">\u00c4ven i \u00d6sterg\u00f6tland har samtalen trillat in kring busk\u00f6rningar i sn\u00f6ov\u00e4dret.<\/p>\n<p class=\"hyperion-css-1v9qo5x\">I Tornby utanf\u00f6r Link\u00f6ping fick en 15-\u00e5rig pojke b\u00f6ter under l\u00f6rdagskv\u00e4llen f\u00f6r att ha sladdat p\u00e5 en parkering med sin A-traktor.<\/p>\n<p class=\"hyperion-css-1v9qo5x\">\u2013 Det \u00e4r ofta s\u00e5 h\u00e4r n\u00e4r det \u00e4r sn\u00f6igt ute, s\u00e5 det \u00e4r vi beredda p\u00e5. Vi kan inte \u00e5ka ut p\u00e5 alla larm, men man ska alltid ringa in och tipsa oss om man ser olaglig och trafikfarlig k\u00f6rning, s\u00e4ger Martina Gradian hos polisen i region \u00d6st.<\/p>\n<p class=\"hyperion-css-1v9qo5x\">Polisen uppmanar ungdomarna att ta det lugnt ute p\u00e5 v\u00e4garna, trots att v\u00e4glaget kanske lockar till busk\u00f6rning. <\/p>\n<p class=\"hyperion-css-1v9qo5x\">\u2013 Ha kul men p\u00e5 ett lagligt och s\u00e4kert s\u00e4tt. Det \u00e4r kul att sladda tills det inte l\u00e4ngre \u00e4r det, n\u00e4r man r\u00e5kar orsaka en olycka eller skada sig sj\u00e4lv, s\u00e4ger Gradian. <\/p>\n<p>expand-left<\/p>\n<p>helsk\u00e4rm<img decoding=\"async\" class=\"image-asset hyperion-css-u06ts1\" data-test-tag=\"image-asset\" src=\"https:\/\/www.europesays.com\/se\/wp-content\/uploads\/2026\/01\/593bd5c9-14a6-4d07-8dc9-854437c31f00.jpeg\"  alt=\"\"  loading=\"eager\" fetchpriority=\"high\" style=\"aspect-ratio:1900 \/ 1267\"\/> Foto: Tim Aro\/Svd\/TT \/ Svenska Dagbladet<\/p>\n","protected":false},"excerpt":{"rendered":"share-arrowDela unsaveSpara expand-left helsk\u00e4rm Foto: Tim Aro\/Svd\/TT \/ Svenska Dagbladet Sn\u00f6ov\u00e4dret Anna har f\u00f6rt med sig en hel&hellip;\n","protected":false},"author":2,"featured_media":125179,"comment_status":"","ping_status":"","sticky":false,"template":"","format":"standard","meta":{"footnotes":""},"categories":[12],"tags":[22,23,26,27,17,21,24,25,28,29,15,16,18,34,31,33,32,30,19,20],"class_list":{"0":"post-125178","1":"post","2":"type-post","3":"status-publish","4":"format-standard","5":"has-post-thumbnail","7":"category-sverige","8":"tag-breaking-news","9":"tag-breakingnews","10":"tag-featured-news","11":"tag-featurednews","12":"tag-headlines","13":"tag-huvudnyheter","14":"tag-latest-news","15":"tag-latestnews","16":"tag-main-news","17":"tag-mainnews","18":"tag-news","19":"tag-nyheter","20":"tag-rubriker","21":"tag-se","22":"tag-svenska","23":"tag-sverige","24":"tag-sweden","25":"tag-swedish","26":"tag-top-stories","27":"tag-topstories"},"share_on_mastodon":{"url":"https:\/\/pubeurope.com\/@se\/115836243425371351","error":""},"_links":{"self":[{"href":"https:\/\/www.europesays.com\/se\/wp-json\/wp\/v2\/posts\/125178","targetHints":{"allow":["GET"]}}],"collection":[{"href":"https:\/\/www.europesays.com\/se\/wp-json\/wp\/v2\/posts"}],"about":[{"href":"https:\/\/www.europesays.com\/se\/wp-json\/wp\/v2\/types\/post"}],"author":[{"embeddable":true,"href":"https:\/\/www.europesays.com\/se\/wp-json\/wp\/v2\/users\/2"}],"replies":[{"embeddable":true,"href":"https:\/\/www.europesays.com\/se\/wp-json\/wp\/v2\/comments?post=125178"}],"version-history":[{"count":0,"href":"https:\/\/www.europesays.com\/se\/wp-json\/wp\/v2\/posts\/125178\/revisions"}],"wp:featuredmedia":[{"embeddable":true,"href":"https:\/\/www.europesays.com\/se\/wp-json\/wp\/v2\/media\/125179"}],"wp:attachment":[{"href":"https:\/\/www.europesays.com\/se\/wp-json\/wp\/v2\/media?parent=125178"}],"wp:term":[{"taxonomy":"category","embeddable":true,"href":"https:\/\/www.europesays.com\/se\/wp-json\/wp\/v2\/categories?post=125178"},{"taxonomy":"post_tag","embeddable":true,"href":"https:\/\/www.europesays.com\/se\/wp-json\/wp\/v2\/tags?post=125178"}],"curies":[{"name":"wp","href":"https:\/\/api.w.org\/{rel}","templated":true}]}}