{"id":125180,"date":"2026-01-04T09:59:13","date_gmt":"2026-01-04T09:59:13","guid":{"rendered":"https:\/\/www.europesays.com\/se\/125180\/"},"modified":"2026-01-04T09:59:13","modified_gmt":"2026-01-04T09:59:13","slug":"tommy-77-har-suttit-i-fangelse-langst-av-alla","status":"publish","type":"post","link":"https:\/\/www.europesays.com\/se\/125180\/","title":{"rendered":"Tommy, 77, har suttit i f\u00e4ngelse l\u00e4ngst av alla"},"content":{"rendered":"<p>expand-left<\/p>\n<p>helsk\u00e4rm<img decoding=\"async\" class=\"image-asset hyperion-css-u06ts1\" data-test-tag=\"image-asset\" src=\"https:\/\/www.europesays.com\/se\/wp-content\/uploads\/2026\/01\/cf5c0ff8-ee50-41de-bfab-a8729dcd15d4.jpeg\"  alt=\"\"  loading=\"eager\" fetchpriority=\"high\" style=\"aspect-ratio:1200 \/ 628\"\/><\/p>\n<p class=\"hyperion-css-1shl3oz\" data-test-tag=\"lead-text\">1989 d\u00f6mdes han till livstids f\u00e4ngelse f\u00f6r fem mord, som beskrivits som n\u00e5gra av de mest brutala i modern svensk kriminalhistoria. Tommy, 77, har tillbringat halva sitt liv i f\u00e4ngelse \u2013 och n\u00e5gon frigivning \u00e4r inte i sikte.<\/p>\n<p class=\"hyperion-css-1v9qo5x\">\u00a0<br \/>check Skar halsen av offren och t\u00e4nde p\u00e5<br \/>check S\u00e5 lever han i f\u00e4ngelset<br \/>check Kriminologen: \u201dHan tillh\u00f6r det gamla gardet\u201d<\/p>\n","protected":false},"excerpt":{"rendered":"expand-left helsk\u00e4rm 1989 d\u00f6mdes han till livstids f\u00e4ngelse f\u00f6r fem mord, som beskrivits som n\u00e5gra av de mest&hellip;\n","protected":false},"author":2,"featured_media":125181,"comment_status":"","ping_status":"","sticky":false,"template":"","format":"standard","meta":{"footnotes":""},"categories":[5],"tags":[22,23,26,27,17,21,24,25,28,29,15,16,18,34,31,33,32,30,19,20],"class_list":{"0":"post-125180","1":"post","2":"type-post","3":"status-publish","4":"format-standard","5":"has-post-thumbnail","7":"category-rubriker","8":"tag-breaking-news","9":"tag-breakingnews","10":"tag-featured-news","11":"tag-featurednews","12":"tag-headlines","13":"tag-huvudnyheter","14":"tag-latest-news","15":"tag-latestnews","16":"tag-main-news","17":"tag-mainnews","18":"tag-news","19":"tag-nyheter","20":"tag-rubriker","21":"tag-se","22":"tag-svenska","23":"tag-sverige","24":"tag-sweden","25":"tag-swedish","26":"tag-top-stories","27":"tag-topstories"},"share_on_mastodon":{"url":"https:\/\/pubeurope.com\/@se\/115836247318149529","error":""},"_links":{"self":[{"href":"https:\/\/www.europesays.com\/se\/wp-json\/wp\/v2\/posts\/125180","targetHints":{"allow":["GET"]}}],"collection":[{"href":"https:\/\/www.europesays.com\/se\/wp-json\/wp\/v2\/posts"}],"about":[{"href":"https:\/\/www.europesays.com\/se\/wp-json\/wp\/v2\/types\/post"}],"author":[{"embeddable":true,"href":"https:\/\/www.europesays.com\/se\/wp-json\/wp\/v2\/users\/2"}],"replies":[{"embeddable":true,"href":"https:\/\/www.europesays.com\/se\/wp-json\/wp\/v2\/comments?post=125180"}],"version-history":[{"count":0,"href":"https:\/\/www.europesays.com\/se\/wp-json\/wp\/v2\/posts\/125180\/revisions"}],"wp:featuredmedia":[{"embeddable":true,"href":"https:\/\/www.europesays.com\/se\/wp-json\/wp\/v2\/media\/125181"}],"wp:attachment":[{"href":"https:\/\/www.europesays.com\/se\/wp-json\/wp\/v2\/media?parent=125180"}],"wp:term":[{"taxonomy":"category","embeddable":true,"href":"https:\/\/www.europesays.com\/se\/wp-json\/wp\/v2\/categories?post=125180"},{"taxonomy":"post_tag","embeddable":true,"href":"https:\/\/www.europesays.com\/se\/wp-json\/wp\/v2\/tags?post=125180"}],"curies":[{"name":"wp","href":"https:\/\/api.w.org\/{rel}","templated":true}]}}