{"id":125182,"date":"2026-01-04T10:04:07","date_gmt":"2026-01-04T10:04:07","guid":{"rendered":"https:\/\/www.europesays.com\/se\/125182\/"},"modified":"2026-01-04T10:04:07","modified_gmt":"2026-01-04T10:04:07","slug":"elpriserna-sjunker-i-sodra-sverige-stiger-i-norr","status":"publish","type":"post","link":"https:\/\/www.europesays.com\/se\/125182\/","title":{"rendered":"Elpriserna sjunker i s\u00f6dra Sverige \u2013 stiger i norr"},"content":{"rendered":"<p>Av Aron Sigblad<br \/>Publicerad 4 januari, 08:36. Uppdaterad 4 januari, 08:40<\/p>\n<p>Elpriserna v\u00e4ntas bli l\u00e4gre i s\u00f6dra Sverige under 2026 och villa\u00e4gare kan r\u00e4kna med omkring en tusenlapp l\u00e4gre elnota. Samtidigt v\u00e4ntas h\u00f6gre elpriser i norr, uppger bed\u00f6mare f\u00f6r T\u2026<\/p>\n<p>Omni \u00e4r politiskt obundna och oberoende. Vi str\u00e4var efter att ge fler perspektiv p\u00e5 nyheterna. Har du fr\u00e5gor eller synpunkter kring v\u00e5r rapportering? <a href=\"https:\/\/omniekonomi.se\/prognos-elpriserna-sjunker-i-sodra-sverige-stiger-i-norr\/a\/mailto:eko@omni.se\" class=\"ArticleActions_contactLink__W2F1M\" rel=\"nofollow noopener\" target=\"_blank\">Kontakta redaktionen<\/a><\/p>\n","protected":false},"excerpt":{"rendered":"Av Aron SigbladPublicerad 4 januari, 08:36. Uppdaterad 4 januari, 08:40 Elpriserna v\u00e4ntas bli l\u00e4gre i s\u00f6dra Sverige under&hellip;\n","protected":false},"author":2,"featured_media":125183,"comment_status":"","ping_status":"","sticky":false,"template":"","format":"standard","meta":{"footnotes":""},"categories":[65],"tags":[72,70,71,2302,291,349,34,31,33,32,30],"class_list":{"0":"post-125182","1":"post","2":"type-post","3":"status-publish","4":"format-standard","5":"has-post-thumbnail","7":"category-ekonomi","8":"tag-business","9":"tag-economy","10":"tag-ekonomi","11":"tag-elpriser","12":"tag-energi-ravaror","13":"tag-privatekonomi","14":"tag-se","15":"tag-svenska","16":"tag-sverige","17":"tag-sweden","18":"tag-swedish"},"share_on_mastodon":{"url":"https:\/\/pubeurope.com\/@se\/115836266954065428","error":""},"_links":{"self":[{"href":"https:\/\/www.europesays.com\/se\/wp-json\/wp\/v2\/posts\/125182","targetHints":{"allow":["GET"]}}],"collection":[{"href":"https:\/\/www.europesays.com\/se\/wp-json\/wp\/v2\/posts"}],"about":[{"href":"https:\/\/www.europesays.com\/se\/wp-json\/wp\/v2\/types\/post"}],"author":[{"embeddable":true,"href":"https:\/\/www.europesays.com\/se\/wp-json\/wp\/v2\/users\/2"}],"replies":[{"embeddable":true,"href":"https:\/\/www.europesays.com\/se\/wp-json\/wp\/v2\/comments?post=125182"}],"version-history":[{"count":0,"href":"https:\/\/www.europesays.com\/se\/wp-json\/wp\/v2\/posts\/125182\/revisions"}],"wp:featuredmedia":[{"embeddable":true,"href":"https:\/\/www.europesays.com\/se\/wp-json\/wp\/v2\/media\/125183"}],"wp:attachment":[{"href":"https:\/\/www.europesays.com\/se\/wp-json\/wp\/v2\/media?parent=125182"}],"wp:term":[{"taxonomy":"category","embeddable":true,"href":"https:\/\/www.europesays.com\/se\/wp-json\/wp\/v2\/categories?post=125182"},{"taxonomy":"post_tag","embeddable":true,"href":"https:\/\/www.europesays.com\/se\/wp-json\/wp\/v2\/tags?post=125182"}],"curies":[{"name":"wp","href":"https:\/\/api.w.org\/{rel}","templated":true}]}}