{"id":125184,"date":"2026-01-04T10:08:08","date_gmt":"2026-01-04T10:08:08","guid":{"rendered":"https:\/\/www.europesays.com\/se\/125184\/"},"modified":"2026-01-04T10:08:08","modified_gmt":"2026-01-04T10:08:08","slug":"smhi-varnar-pa-nytt-kraftigt-snofall-fortsatter","status":"publish","type":"post","link":"https:\/\/www.europesays.com\/se\/125184\/","title":{"rendered":"SMHI varnar p\u00e5 nytt \u2013 kraftigt sn\u00f6fall forts\u00e4tter"},"content":{"rendered":"<p>SMHI varnar f\u00f6r kraftiga sn\u00f6byar p\u00e5 upp till 15 centimeter sn\u00f6 som kan ge trafikproblem i Kalmar och norra \u00d6land. Gul varning f\u00f6r Kalmar g\u00e4ller under hela s\u00f6ndagen fram till klockan 18 p\u00e5 s\u00f6ndagskv\u00e4llen medan ov\u00e4dret v\u00e4ntas bedarra f\u00f6rst p\u00e5 m\u00e5ndag f\u00f6rmiddag p\u00e5 norra \u00d6land.<\/p>\n<p>Men nu utf\u00e4rdar SMHI \u00e4ven en varning f\u00f6r m\u00e5ndagen som drabbar Blekinge, nord\u00f6stra Sk\u00e5ne, s\u00f6dra \u00d6land, samt delar av Sm\u00e5land, Halland och V\u00e4sterg\u00f6tland. Sn\u00f6fallet som totalt kan bli 15 centimeter och som v\u00e4ntas b\u00f6rja falla ner fr\u00e5n klockan 02, natten mot m\u00e5ndag och h\u00e5lla i sig tills m\u00e5ndag eftermiddag.<\/p>\n","protected":false},"excerpt":{"rendered":"SMHI varnar f\u00f6r kraftiga sn\u00f6byar p\u00e5 upp till 15 centimeter sn\u00f6 som kan ge trafikproblem i Kalmar och&hellip;\n","protected":false},"author":2,"featured_media":125185,"comment_status":"","ping_status":"","sticky":false,"template":"","format":"standard","meta":{"footnotes":""},"categories":[5],"tags":[22,23,26,27,17,21,24,25,28,29,15,16,18,34,31,33,32,30,19,20],"class_list":{"0":"post-125184","1":"post","2":"type-post","3":"status-publish","4":"format-standard","5":"has-post-thumbnail","7":"category-rubriker","8":"tag-breaking-news","9":"tag-breakingnews","10":"tag-featured-news","11":"tag-featurednews","12":"tag-headlines","13":"tag-huvudnyheter","14":"tag-latest-news","15":"tag-latestnews","16":"tag-main-news","17":"tag-mainnews","18":"tag-news","19":"tag-nyheter","20":"tag-rubriker","21":"tag-se","22":"tag-svenska","23":"tag-sverige","24":"tag-sweden","25":"tag-swedish","26":"tag-top-stories","27":"tag-topstories"},"share_on_mastodon":{"url":"https:\/\/pubeurope.com\/@se\/115836282605790208","error":""},"_links":{"self":[{"href":"https:\/\/www.europesays.com\/se\/wp-json\/wp\/v2\/posts\/125184","targetHints":{"allow":["GET"]}}],"collection":[{"href":"https:\/\/www.europesays.com\/se\/wp-json\/wp\/v2\/posts"}],"about":[{"href":"https:\/\/www.europesays.com\/se\/wp-json\/wp\/v2\/types\/post"}],"author":[{"embeddable":true,"href":"https:\/\/www.europesays.com\/se\/wp-json\/wp\/v2\/users\/2"}],"replies":[{"embeddable":true,"href":"https:\/\/www.europesays.com\/se\/wp-json\/wp\/v2\/comments?post=125184"}],"version-history":[{"count":0,"href":"https:\/\/www.europesays.com\/se\/wp-json\/wp\/v2\/posts\/125184\/revisions"}],"wp:featuredmedia":[{"embeddable":true,"href":"https:\/\/www.europesays.com\/se\/wp-json\/wp\/v2\/media\/125185"}],"wp:attachment":[{"href":"https:\/\/www.europesays.com\/se\/wp-json\/wp\/v2\/media?parent=125184"}],"wp:term":[{"taxonomy":"category","embeddable":true,"href":"https:\/\/www.europesays.com\/se\/wp-json\/wp\/v2\/categories?post=125184"},{"taxonomy":"post_tag","embeddable":true,"href":"https:\/\/www.europesays.com\/se\/wp-json\/wp\/v2\/tags?post=125184"}],"curies":[{"name":"wp","href":"https:\/\/api.w.org\/{rel}","templated":true}]}}