{"id":125186,"date":"2026-01-04T10:13:17","date_gmt":"2026-01-04T10:13:17","guid":{"rendered":"https:\/\/www.europesays.com\/se\/125186\/"},"modified":"2026-01-04T10:13:17","modified_gmt":"2026-01-04T10:13:17","slug":"radda-personalen-infor-lov-i-ockelbo-arbetarbladet","status":"publish","type":"post","link":"https:\/\/www.europesays.com\/se\/125186\/","title":{"rendered":"R\u00e4dda personalen \u2013 inf\u00f6r LOV i Ockelbo \u2013 Arbetarbladet"},"content":{"rendered":"<p>Det \u00e4r dags att Ockelbos politiker \u00f6ppnar \u00f6gonen f\u00f6r verkligheten inom hemtj\u00e4nsten. Situationen \u00e4r oh\u00e5llbar. Personalen g\u00e5r p\u00e5 kn\u00e4na, scheman \u00e4r pressade till bristningsgr\u00e4nsen och &#8221;minutjakten&#8221; t\u00e4r p\u00e5 b\u00e5de de anst\u00e4llda och de \u00e4ldre som \u00e4r beroende av v\u00e5rden. Vi \u00e4r p\u00e5 god v\u00e4g att k\u00f6ra slut p\u00e5 v\u00e5ra undersk\u00f6terskor och v\u00e5rdbitr\u00e4den, och det \u00e4r helt oacceptabelt.<\/p>\n<p>\u200bL\u00f6sningen stavas LOV (Lagen om valfrihetssystem). Genom att inf\u00f6ra LOV i Ockelbo sl\u00e4pper vi in fler akt\u00f6rer. Det handlar inte bara om valfrihet f\u00f6r de \u00e4ldre \u2013 vilket i sig \u00e4r en viktig r\u00e4ttighetsfr\u00e5ga \u2013 utan lika mycket om att r\u00e4dda arbetsmilj\u00f6n.<\/p>\n<p>\u200bMed fler utf\u00f6rare skapas konkurrens, inte bara om brukarna, utan ocks\u00e5 om personalen. Det \u00f6ppnar f\u00f6r fler potentiella arbetsgivare, vilket kan leda till b\u00e4ttre villkor och framf\u00f6r allt en mer h\u00e5llbar arbetssituation d\u00e4r b\u00f6rdan f\u00f6rdelas p\u00e5 fler axlar. Kommunen klarar uppenbarligen inte av att dra hela lasset ensam utan att personalen betalar priset med sin h\u00e4lsa.<\/p>\n<p>\u200bAtt vara ideologiskt r\u00e4dd f\u00f6r privata akt\u00f6rer f\u00e5r inte g\u00e5 f\u00f6re omsorgen om personalen. Om vi forts\u00e4tter i samma sp\u00e5r kommer sjukskrivningarna att \u00f6ka och kvalit\u00e9n sjunka ytterligare. Vem ska ta hand om v\u00e5ra \u00e4ldre n\u00e4r ingen l\u00e4ngre orkar jobba kvar?<\/p>\n<p>\u200bV\u00e5ga t\u00e4nka nytt. Sl\u00e4pp in valfriheten och avlasta den kommunala organisationen innan det \u00e4r f\u00f6r sent. Inf\u00f6r LOV i Ockelbo nu.<\/p>\n<p><strong>En orolig kommuninv\u00e5nare<\/strong><\/p>\n","protected":false},"excerpt":{"rendered":"Det \u00e4r dags att Ockelbos politiker \u00f6ppnar \u00f6gonen f\u00f6r verkligheten inom hemtj\u00e4nsten. Situationen \u00e4r oh\u00e5llbar. Personalen g\u00e5r p\u00e5&hellip;\n","protected":false},"author":2,"featured_media":125187,"comment_status":"","ping_status":"","sticky":false,"template":"","format":"standard","meta":{"footnotes":""},"categories":[65],"tags":[72,70,71,34,31,33,32,30],"class_list":{"0":"post-125186","1":"post","2":"type-post","3":"status-publish","4":"format-standard","5":"has-post-thumbnail","7":"category-ekonomi","8":"tag-business","9":"tag-economy","10":"tag-ekonomi","11":"tag-se","12":"tag-svenska","13":"tag-sverige","14":"tag-sweden","15":"tag-swedish"},"share_on_mastodon":{"url":"https:\/\/pubeurope.com\/@se\/115836302285711081","error":""},"_links":{"self":[{"href":"https:\/\/www.europesays.com\/se\/wp-json\/wp\/v2\/posts\/125186","targetHints":{"allow":["GET"]}}],"collection":[{"href":"https:\/\/www.europesays.com\/se\/wp-json\/wp\/v2\/posts"}],"about":[{"href":"https:\/\/www.europesays.com\/se\/wp-json\/wp\/v2\/types\/post"}],"author":[{"embeddable":true,"href":"https:\/\/www.europesays.com\/se\/wp-json\/wp\/v2\/users\/2"}],"replies":[{"embeddable":true,"href":"https:\/\/www.europesays.com\/se\/wp-json\/wp\/v2\/comments?post=125186"}],"version-history":[{"count":0,"href":"https:\/\/www.europesays.com\/se\/wp-json\/wp\/v2\/posts\/125186\/revisions"}],"wp:featuredmedia":[{"embeddable":true,"href":"https:\/\/www.europesays.com\/se\/wp-json\/wp\/v2\/media\/125187"}],"wp:attachment":[{"href":"https:\/\/www.europesays.com\/se\/wp-json\/wp\/v2\/media?parent=125186"}],"wp:term":[{"taxonomy":"category","embeddable":true,"href":"https:\/\/www.europesays.com\/se\/wp-json\/wp\/v2\/categories?post=125186"},{"taxonomy":"post_tag","embeddable":true,"href":"https:\/\/www.europesays.com\/se\/wp-json\/wp\/v2\/tags?post=125186"}],"curies":[{"name":"wp","href":"https:\/\/api.w.org\/{rel}","templated":true}]}}