{"id":125188,"date":"2026-01-04T10:21:14","date_gmt":"2026-01-04T10:21:14","guid":{"rendered":"https:\/\/www.europesays.com\/se\/125188\/"},"modified":"2026-01-04T10:21:14","modified_gmt":"2026-01-04T10:21:14","slug":"137-kvadratmeter-stort-hus-i-norrtalje-kopt-for-3-800-000-kronor-norrtelje-tidning","status":"publish","type":"post","link":"https:\/\/www.europesays.com\/se\/125188\/","title":{"rendered":"137 kvadratmeter stort hus i Norrt\u00e4lje k\u00f6pt f\u00f6r 3\u00a0800\u00a0000 kronor \u2013 Norrtelje Tidning"},"content":{"rendered":"<p>Emmelie Jenny Maria Johansson, 35, och Linus Hans Axel Johnson, 38, har tagit \u00f6ver fastigheten p\u00e5 adressen Solv\u00e4gen 17 i Norrt\u00e4lje fr\u00e5n Hj\u00e4rt-Lungfonden Sv Nat F\u00f6ren Mot Hj O Lungsjukd och Stiftelsen Hj\u00e4rnfonden. \u00c4garbytet blev klart i december 2025 och k\u00f6pesumman blev 3\u00a0800\u00a0000 kronor. Det 137 kvadratmeter stora huset \u00e4r byggt 1981.<\/p>\n<p>Lite mindre \u00e4n en kilometer d\u00e4rifr\u00e5n s\u00e5ldes i oktober f\u00f6rra \u00e5ret ett annat hus, p\u00e5 Merkuriusv\u00e4gen 35. D\u00e4r landade priset p\u00e5 2\u00a0880\u00a0000 kronor f\u00f6r det 135 kvadratmeter stora huset.<\/p>\n<p>De senaste tolv m\u00e5naderna har det s\u00e5lts 44 hus inom en kilometer fr\u00e5n den h\u00e4r fastigheten. Det dyraste var Odonv\u00e4gen 10, som gick f\u00f6r 12\u00a0500\u00a0000 kronor.<\/p>\n<p>Under samma period har det s\u00e5lts 427 bost\u00e4der i postorten Norrt\u00e4lje. Priset per kvadratmeter \u00e4r 38\u00a0895 kronor.<\/p>\n<p>Priserna p\u00e5 villor i Norrt\u00e4lje kommun har stigit med 3,8 procent senaste tre m\u00e5naderna, enligt <a class=\"article__content-link\" href=\"https:\/\/www.maklarstatistik.se\/\" rel=\"nofollow noopener\" target=\"_blank\">Svensk M\u00e4klarstatistik<\/a>.<\/p>\n<p>\u00c4ven f\u00f6r l\u00e4net har priserna stigit med 0,8 procent under perioden.<\/p>\n<p>Samma siffror f\u00f6r senaste \u00e5ret visar 2 procents \u00f6kning i Norrt\u00e4lje kommun och i princip of\u00f6r\u00e4ndrade priser i l\u00e4net.<\/p>\n<p>I snitt f\u00e5r du betala 38\u00a0649 kronor per kvadratmeter i Norrt\u00e4lje kommun, mot 55\u00a0664 kronor per kvadratmeter i snitt i hela l\u00e4net.<\/p>\n<p>H\u00e4r \u00e4r de fem dyraste fastighetsf\u00f6rs\u00e4ljningarna i postorten Norrt\u00e4lje senaste tolv m\u00e5naderna:<\/p>\n<p>1. Badstugatan 20. Pris: 14\u00a0600\u00a0000 kronor.<\/p>\n<p>2. Odonv\u00e4gen 10. Pris: 12\u00a0500\u00a0000 kronor.<\/p>\n<p>3. Sol\u00f6 G\u00e5rd 6. Pris: 11\u00a0000\u00a0000 kronor.<\/p>\n<p>4. R\u00f6nnbacksstigen 30. Pris: 11\u00a0000\u00a0000 kronor.<\/p>\n<p>5. Klippgatan 2. Pris: 10\u00a0510\u00a0000 kronor.<\/p>\n","protected":false},"excerpt":{"rendered":"Emmelie Jenny Maria Johansson, 35, och Linus Hans Axel Johnson, 38, har tagit \u00f6ver fastigheten p\u00e5 adressen Solv\u00e4gen&hellip;\n","protected":false},"author":2,"featured_media":125189,"comment_status":"","ping_status":"","sticky":false,"template":"","format":"standard","meta":{"footnotes":""},"categories":[65],"tags":[72,70,71,34,31,33,32,30],"class_list":{"0":"post-125188","1":"post","2":"type-post","3":"status-publish","4":"format-standard","5":"has-post-thumbnail","7":"category-ekonomi","8":"tag-business","9":"tag-economy","10":"tag-ekonomi","11":"tag-se","12":"tag-svenska","13":"tag-sverige","14":"tag-sweden","15":"tag-swedish"},"share_on_mastodon":{"url":"https:\/\/pubeurope.com\/@se\/115836333740650317","error":""},"_links":{"self":[{"href":"https:\/\/www.europesays.com\/se\/wp-json\/wp\/v2\/posts\/125188","targetHints":{"allow":["GET"]}}],"collection":[{"href":"https:\/\/www.europesays.com\/se\/wp-json\/wp\/v2\/posts"}],"about":[{"href":"https:\/\/www.europesays.com\/se\/wp-json\/wp\/v2\/types\/post"}],"author":[{"embeddable":true,"href":"https:\/\/www.europesays.com\/se\/wp-json\/wp\/v2\/users\/2"}],"replies":[{"embeddable":true,"href":"https:\/\/www.europesays.com\/se\/wp-json\/wp\/v2\/comments?post=125188"}],"version-history":[{"count":0,"href":"https:\/\/www.europesays.com\/se\/wp-json\/wp\/v2\/posts\/125188\/revisions"}],"wp:featuredmedia":[{"embeddable":true,"href":"https:\/\/www.europesays.com\/se\/wp-json\/wp\/v2\/media\/125189"}],"wp:attachment":[{"href":"https:\/\/www.europesays.com\/se\/wp-json\/wp\/v2\/media?parent=125188"}],"wp:term":[{"taxonomy":"category","embeddable":true,"href":"https:\/\/www.europesays.com\/se\/wp-json\/wp\/v2\/categories?post=125188"},{"taxonomy":"post_tag","embeddable":true,"href":"https:\/\/www.europesays.com\/se\/wp-json\/wp\/v2\/tags?post=125188"}],"curies":[{"name":"wp","href":"https:\/\/api.w.org\/{rel}","templated":true}]}}