{"id":125196,"date":"2026-01-04T10:29:21","date_gmt":"2026-01-04T10:29:21","guid":{"rendered":"https:\/\/www.europesays.com\/se\/125196\/"},"modified":"2026-01-04T10:29:21","modified_gmt":"2026-01-04T10:29:21","slug":"rekordmanga-konkurser-i-sodertalje-telgenytt","status":"publish","type":"post","link":"https:\/\/www.europesays.com\/se\/125196\/","title":{"rendered":"Rekordm\u00e5nga konkurser i S\u00f6dert\u00e4lje \u2013 Telgenytt"},"content":{"rendered":"<p>2025 blev \u00e4nnu ett tungt \u00e5r f\u00f6r n\u00e4ringslivet i S\u00f6dert\u00e4lje. Totalt gick 133 f\u00f6retag i kommunen i konkurs \u2013 det h\u00f6gsta antalet p\u00e5 minst tio \u00e5r, enligt ny statistik fr\u00e5n UC.<\/p>\n<p>Trots att konkursv\u00e5gen nationellt visar tecken p\u00e5 att plana ut forts\u00e4tter siffrorna att vara h\u00f6ga lokalt. I S\u00f6dert\u00e4lje inneb\u00e4r \u00e5rets niv\u00e5er fler konkurser \u00e4n n\u00e5got \u00e5r sedan \u00e5tminstone 2015. Sammanlagt omsatte de konkursdrabbade f\u00f6retagen \u00f6ver 570 miljoner kronor och omkring 300 anst\u00e4llda ber\u00f6rdes.<\/p>\n<p>Enligt Amanda Aldestam, analytiker p\u00e5 UC, har utvecklingen under \u00e5ret har varit oj\u00e4mn. Konkurserna minskade inom byggbranschen, men \u00f6kade inom bland annat transport samt informations- och kommunikationssektorn. Under \u00e5rets sista m\u00e5nader steg konkurserna \u00e4ven inom detaljhandeln, trots en relativt stark julhandel.<\/p>\n<p>&#8211; Utvecklingen under 2025 har varit oj\u00e4mn, med tydliga sv\u00e4ngningar i konkursniv\u00e5erna d\u00e4r perioder av nedg\u00e5ng har avl\u00f6sts av tillf\u00e4lliga uppg\u00e5ngar. Detta speglar ett fortsatt os\u00e4kert ekonomiskt l\u00e4ge och ett kvarst\u00e5ende tryck p\u00e5 m\u00e5nga f\u00f6retag, trots att vissa tecken p\u00e5 stabilisering har kunnat sk\u00f6njas under \u00e5ret, s\u00e4ger Amanda Aldestam, analytiker p\u00e5 UC i ett pressmeddelande.<\/p>\n<p>Bland de st\u00f6rre f\u00f6retagen som gick i konkurs i S\u00f6dert\u00e4lje m\u00e4rks bolag med b\u00e5de h\u00f6g oms\u00e4ttning och m\u00e5nga anst\u00e4llda, liksom anrika f\u00f6retag med l\u00e5ng historia. Enligt UC speglar utvecklingen ett fortsatt pressat ekonomiskt l\u00e4ge, d\u00e4r m\u00e5nga f\u00f6retag fortfarande k\u00e4mpar trots vissa tecken p\u00e5 stabilisering.<\/p>\n<p>Sammantaget bekr\u00e4ftar siffrorna att 2025 blev \u00e4nnu ett pr\u00f6vande \u00e5r f\u00f6r S\u00f6dert\u00e4ljes f\u00f6retagare \u2013 \u00e4ven om f\u00f6rhoppningen \u00e4r att toppen nu kan vara n\u00e5dd.<\/p>\n<tr>F\u00f6retagOms\u00e4ttningAnst\u00e4lldaGrundatKonkursdatum<\/tr>\n<tr>Biex Corpsa AB<\/p>\n<td>153,1\u00a0miljoner kronor<\/td>\n<td>4<\/td>\n<td>2018<\/td>\n<td>2 dec.<\/td>\n<td\/><\/tr>\n<tr>Line Textile M\u00f6bler AB<\/p>\n<td>62,3\u00a0miljoner kronor<\/td>\n<td>20<\/td>\n<td>2017<\/td>\n<td>16 okt.<\/td>\n<td\/><\/tr>\n<tr>SREV AB<\/p>\n<td>39,9\u00a0miljoner kronor<\/td>\n<td>19<\/td>\n<td>2012<\/td>\n<td>24 juni<\/td>\n<td\/><\/tr>\n<tr>Telge Ortopedi AB<\/p>\n<td>20,9\u00a0miljoner kronor<\/td>\n<td>14<\/td>\n<td>2003<\/td>\n<td>1 aug.<\/td>\n<td\/><\/tr>\n<tr>Prima Grossist Stockholm AB<\/p>\n<td>19,1\u00a0miljoner kronor<\/td>\n<td>2<\/td>\n<td>2016<\/td>\n<td>26 sep.<\/td>\n<td\/><\/tr>\n<tr>VEDMAG AB<\/p>\n<td>16\u00a0miljoner kronor<\/td>\n<td>7<\/td>\n<td>2020<\/td>\n<td>9 okt.<\/td>\n<td\/><\/tr>\n<tr>Ursus Mark &amp; Bygg AB<\/p>\n<td>15,9\u00a0miljoner kronor<\/td>\n<td>13<\/td>\n<td>2013<\/td>\n<td>29 aug.<\/td>\n<td\/><\/tr>\n<tr>SBF bemanning AB<\/p>\n<td>14,3\u00a0miljoner kronor<\/td>\n<td>7<\/td>\n<td>2019<\/td>\n<td>28 nov.<\/td>\n<td\/><\/tr>\n<tr>Ibriyam Bilverkstad AB<\/p>\n<td>12,9\u00a0miljoner kronor<\/td>\n<td>27<\/td>\n<td>2022<\/td>\n<td>25 juli<\/td>\n<td\/><\/tr>\n<tr>L&amp;D STHLM AB<\/p>\n<td>12,9\u00a0miljoner kronor<\/td>\n<td>14<\/td>\n<td>2022<\/td>\n<td>4 juni<\/td>\n<td\/><\/tr>\n<tr>ByggOne Sweden AB<\/p>\n<td>9,9\u00a0miljoner kronor<\/td>\n<td>3<\/td>\n<td>2008<\/td>\n<td>7 mars<\/td>\n<td\/><\/tr>\n<tr>Lucky 21 Casino AB<\/p>\n<td>9,8\u00a0miljoner kronor<\/td>\n<td>16<\/td>\n<td>2013<\/td>\n<td>7 nov.<\/td>\n<td\/><\/tr>\n<tr>Support Group i Scandinavien AB<\/p>\n<td>9,8\u00a0miljoner kronor<\/td>\n<td>7<\/td>\n<td>2015<\/td>\n<td>11 nov.<\/td>\n<td\/><\/tr>\n<tr>M\u00e4lardalens Skog &amp; Fritid AB<\/p>\n<td>8,3\u00a0miljoner kronor<\/td>\n<td>3<\/td>\n<td>2004<\/td>\n<td>19 feb.<\/td>\n<td\/><\/tr>\n<tr>Androna Aktiebolag<\/p>\n<td>8,2\u00a0miljoner kronor<\/td>\n<td>&#8211;<\/td>\n<td>2017<\/td>\n<td>26 feb.<\/td>\n<td\/><\/tr>\n<tr>AZ Transport \u00c5keri AB<\/p>\n<td>8,2\u00a0miljoner kronor<\/td>\n<td>4<\/td>\n<td>2019<\/td>\n<td>24 mars<\/td>\n<td\/><\/tr>\n<tr>Isakssons Stockholm Bygg AB<\/p>\n<td>7,8\u00a0miljoner kronor<\/td>\n<td>&#8211;<\/td>\n<td>2021<\/td>\n<td>6 nov.<\/td>\n<td\/><\/tr>\n<tr>AXION BYGGSERVICE AB<\/p>\n<td>7,4\u00a0miljoner kronor<\/td>\n<td>7<\/td>\n<td>2020<\/td>\n<td>17 feb.<\/td>\n<td\/><\/tr>\n<tr>TFN Fastigheter AB<\/p>\n<td>6,5\u00a0miljoner kronor<\/td>\n<td>2<\/td>\n<td>2015<\/td>\n<td>20 jan.<\/td>\n<td\/><\/tr>\n<tr>Siljam AB<\/p>\n<td>6,4\u00a0miljoner kronor<\/td>\n<td>8<\/td>\n<td>2014<\/td>\n<td>29 okt.<\/td>\n<td\/><\/tr>\n","protected":false},"excerpt":{"rendered":"2025 blev \u00e4nnu ett tungt \u00e5r f\u00f6r n\u00e4ringslivet i S\u00f6dert\u00e4lje. Totalt gick 133 f\u00f6retag i kommunen i konkurs&hellip;\n","protected":false},"author":2,"featured_media":125197,"comment_status":"","ping_status":"","sticky":false,"template":"","format":"standard","meta":{"footnotes":""},"categories":[65],"tags":[72,70,71,34,31,33,32,30],"class_list":{"0":"post-125196","1":"post","2":"type-post","3":"status-publish","4":"format-standard","5":"has-post-thumbnail","7":"category-ekonomi","8":"tag-business","9":"tag-economy","10":"tag-ekonomi","11":"tag-se","12":"tag-svenska","13":"tag-sverige","14":"tag-sweden","15":"tag-swedish"},"share_on_mastodon":{"url":"https:\/\/pubeurope.com\/@se\/115836365125536797","error":""},"_links":{"self":[{"href":"https:\/\/www.europesays.com\/se\/wp-json\/wp\/v2\/posts\/125196","targetHints":{"allow":["GET"]}}],"collection":[{"href":"https:\/\/www.europesays.com\/se\/wp-json\/wp\/v2\/posts"}],"about":[{"href":"https:\/\/www.europesays.com\/se\/wp-json\/wp\/v2\/types\/post"}],"author":[{"embeddable":true,"href":"https:\/\/www.europesays.com\/se\/wp-json\/wp\/v2\/users\/2"}],"replies":[{"embeddable":true,"href":"https:\/\/www.europesays.com\/se\/wp-json\/wp\/v2\/comments?post=125196"}],"version-history":[{"count":0,"href":"https:\/\/www.europesays.com\/se\/wp-json\/wp\/v2\/posts\/125196\/revisions"}],"wp:featuredmedia":[{"embeddable":true,"href":"https:\/\/www.europesays.com\/se\/wp-json\/wp\/v2\/media\/125197"}],"wp:attachment":[{"href":"https:\/\/www.europesays.com\/se\/wp-json\/wp\/v2\/media?parent=125196"}],"wp:term":[{"taxonomy":"category","embeddable":true,"href":"https:\/\/www.europesays.com\/se\/wp-json\/wp\/v2\/categories?post=125196"},{"taxonomy":"post_tag","embeddable":true,"href":"https:\/\/www.europesays.com\/se\/wp-json\/wp\/v2\/tags?post=125196"}],"curies":[{"name":"wp","href":"https:\/\/api.w.org\/{rel}","templated":true}]}}